{"id":92093,"date":"2020-07-12T11:39:00","date_gmt":"2020-07-12T15:39:00","guid":{"rendered":"https:\/\/linitiative.ca\/International\/tamanrasset-un-terroriste-capture-a-in-mguel\/"},"modified":"2020-07-12T11:39:00","modified_gmt":"2020-07-12T15:39:00","slug":"tamanrasset-un-terroriste-capture-a-in-mguel","status":"publish","type":"post","link":"https:\/\/linitiative.ca\/International\/tamanrasset-un-terroriste-capture-a-in-mguel\/","title":{"rendered":"TAMANRASSET : Un terroriste captur\u00e9 \u00e0 In M&rsquo;guel"},"content":{"rendered":"<p><br id=\"sep_para_1\" class=\"sep_para access\"\/><\/p>\n<div id=\"para_1\" class=\"para_37861914 resize\">\n<div class=\"texte access firstletter\">Un terroriste r\u00e9pondant au nom de Melouki Ahmed a \u00e9t\u00e9 captur\u00e9 samedi \u00e0 In M&rsquo;guel, dans la wilaya de Tamanrasset, par un d\u00e9tachement de l&rsquo;Arm\u00e9e nationale populaire qui op\u00e9rait en coordination avec les services de la S\u00fbret\u00e9 Nationale, a indiqu\u00e9 dimanche,\u00a0 un communiqu\u00e9 du Minist\u00e8re de la D\u00e9fense nationale (MDN). \u00ab\u00a0Dans le cadre de la lutte antiterroriste, un d\u00e9tachement de l&rsquo;Arm\u00e9e nationale populaire a captur\u00e9, en coordination avec les services de la S\u00fbret\u00e9 nationale, samedi 11 juillet 2020 \u00e0 In M&rsquo;guel, wilaya de Tamanrasset en 6e R\u00e9gion Militaire, le terroriste d\u00e9nomm\u00e9 \u00ab\u00a0Ahmed Ouled Chila\u00a0\u00bb dit \u00ab\u00a0Melouki Ahmed\u00a0\u00bb, qui avait ralli\u00e9 les groupes criminels activant dans la r\u00e9gion du Sahel en 2012&Prime;, pr\u00e9cise le communiqu\u00e9 du MDN. \u00ab\u00a0Dans le cadre de la lutte contre la criminalit\u00e9 organis\u00e9e et au niveau de la 4\u00e8me\u00a0 R\u00e9gion Militaire, un d\u00e9tachement de l\u2019ANP a appr\u00e9hend\u00e9, \u00e0 Djanet, (07) individus et saisi (09) groupes \u00e9lectrog\u00e8nes, (11) marteaux piqueurs, ainsi que (18) sacs de m\u00e9lange de pierres et d&rsquo;or brut, des produits explosifs et divers outils servant dans les op\u00e9rations d&rsquo;orpaillage illicite\u00a0\u00bb, a-t-il ajout\u00e9, signalant que des \u00e9l\u00e9ments de la Gendarmerie nationale ont, par ailleurs, saisi (7027) unit\u00e9s de diff\u00e9rentes boissons \u00e0 El Oued.\u00a0\u00a0\u00a0\u00a0\u00a0\u00a0\u00a0\u00a0\u00a0\u00a0\u00a0\u00a0\u00a0\u00a0<\/div>\n<\/div>\n<p>Auteur: Nadine<br \/>\n<a href=\"https:\/\/www.reflexiondz.net\/TAMANRASSET-Un-terroriste-capture-a-In-M-guel_a63939.html\">Cliquez ici pour lire l&rsquo;article depuis sa source.<\/a><\/p>\n","protected":false},"excerpt":{"rendered":"<p>Un terroriste r\u00e9pondant au nom de Melouki Ahmed a \u00e9t\u00e9 captur\u00e9 samedi \u00e0 In M&rsquo;guel, dans la wilaya de Tamanrasset, par un d\u00e9tachement de l&rsquo;Arm\u00e9e nationale populaire qui op\u00e9rait en coordination avec les services de la S\u00fbret\u00e9 Nationale, a indiqu\u00e9 dimanche,\u00a0 un communiqu\u00e9 du Minist\u00e8re de la D\u00e9fense nationale (MDN). \u00ab\u00a0Dans le cadre de la [&hellip;]<\/p>\n","protected":false},"author":1740,"featured_media":0,"comment_status":"closed","ping_status":"closed","sticky":false,"template":"","format":"standard","meta":{"fifu_image_url":"","fifu_image_alt":"","footnotes":""},"categories":[53,76],"tags":[],"class_list":["post-92093","post","type-post","status-publish","format-standard","hentry","category-algerie","category-regions"],"_links":{"self":[{"href":"https:\/\/linitiative.ca\/International\/wp-json\/wp\/v2\/posts\/92093","targetHints":{"allow":["GET"]}}],"collection":[{"href":"https:\/\/linitiative.ca\/International\/wp-json\/wp\/v2\/posts"}],"about":[{"href":"https:\/\/linitiative.ca\/International\/wp-json\/wp\/v2\/types\/post"}],"author":[{"embeddable":true,"href":"https:\/\/linitiative.ca\/International\/wp-json\/wp\/v2\/users\/1740"}],"replies":[{"embeddable":true,"href":"https:\/\/linitiative.ca\/International\/wp-json\/wp\/v2\/comments?post=92093"}],"version-history":[{"count":0,"href":"https:\/\/linitiative.ca\/International\/wp-json\/wp\/v2\/posts\/92093\/revisions"}],"wp:attachment":[{"href":"https:\/\/linitiative.ca\/International\/wp-json\/wp\/v2\/media?parent=92093"}],"wp:term":[{"taxonomy":"category","embeddable":true,"href":"https:\/\/linitiative.ca\/International\/wp-json\/wp\/v2\/categories?post=92093"},{"taxonomy":"post_tag","embeddable":true,"href":"https:\/\/linitiative.ca\/International\/wp-json\/wp\/v2\/tags?post=92093"}],"curies":[{"name":"wp","href":"https:\/\/api.w.org\/{rel}","templated":true}]}}