{"id":92095,"date":"2020-07-12T11:39:00","date_gmt":"2020-07-12T15:39:00","guid":{"rendered":"https:\/\/linitiative.ca\/International\/tizi-ouzou-vers-louverture-de-deux-nouveaux-services-covid-19\/"},"modified":"2020-07-12T11:39:00","modified_gmt":"2020-07-12T15:39:00","slug":"tizi-ouzou-vers-louverture-de-deux-nouveaux-services-covid-19","status":"publish","type":"post","link":"https:\/\/linitiative.ca\/International\/tizi-ouzou-vers-louverture-de-deux-nouveaux-services-covid-19\/","title":{"rendered":"TIZI OUZOU : Vers l\u2019ouverture de deux nouveaux services Covid-19"},"content":{"rendered":"<p><br id=\"sep_para_1\" class=\"sep_para access\"\/><\/p>\n<div id=\"para_1\" class=\"para_37861910 resize\">\n<div class=\"texte access firstletter\">Le directeur g\u00e9n\u00e9ral du CHU Nedir-Mohamed de la wilaya de Tizi-Ouzou, Yazid Mouzaoui\u00a0 a r\u00e9v\u00e9l\u00e9 dans un entretien accord\u00e9 au journal \u00ab Libert\u00e9 \u00bb que l\u2019h\u00f4pital de Tizi-Ouzou, proc\u00e9dera \u00e0 l\u2019ouverture de deux nouveaux services pour accueillir plus de malades en cas d\u2019afflux important de nombre de cas infect\u00e9s par le Covid-19, notamment avec la recrudescence des chiffres li\u00e9s a la pand\u00e9mie sur le territoire national et local. En effet, le responsable\u00a0 a affirm\u00e9 qu\u2019actuellement l\u2019h\u00f4pital est dot\u00e9 de trois services, \u00e0 savoir ceux des maladies infectieuses et de pneumologie, qui totalisent une capacit\u00e9 de 50 lits et celui de m\u00e9decine interne d\u2019une capacit\u00e9 de 15 lits, mais avec recrudescence des cas de contamination, l\u2019h\u00f4pital souffre d\u2019une limite des capacit\u00e9s actuelles, ceux qui a pr\u00e9cipit\u00e9 une r\u00e9union du conseil scientifique et les m\u00e9decins afin d\u2019\u00e9laborer une \u00e9ventuelle ouverture de deux nouveaux services pour accueillir plus de malades en cas d\u2019afflux important,\u00a0 \u00bb Nous continuons, certes, \u00e0 prendre en charge nos malades, mais nous sommes appel\u00e9s \u00e0 ouvrir de nouvelles structures pour pouvoir y faire face en cas de n\u00e9cessit\u00e9. Pour le moment, nous ne savons pas ce qu\u2019il peut r\u00e9ellement se passer avec cette pand\u00e9mie, nous sommes oblig\u00e9s de nous pr\u00e9parer au cas o\u00f9 elle prendrait une tournure plus grave \u00bba-t-il d\u00e9clar\u00e9.\u00a0\u00a0\u00a0\u00a0\u00a0\u00a0\u00a0\u00a0\u00a0\u00a0\u00a0\u00a0\u00a0\u00a0\u00a0\u00a0\u00a0\u00a0\u00a0\u00a0\u00a0\u00a0\u00a0<\/div>\n<\/div>\n<p>Auteur: Ismain<br \/>\n<a href=\"https:\/\/www.reflexiondz.net\/TIZI-OUZOU-Vers-l-ouverture-de-deux-nouveaux-services-Covid-19_a63936.html\">Cliquez ici pour lire l&rsquo;article depuis sa source.<\/a><\/p>\n","protected":false},"excerpt":{"rendered":"<p>Le directeur g\u00e9n\u00e9ral du CHU Nedir-Mohamed de la wilaya de Tizi-Ouzou, Yazid Mouzaoui\u00a0 a r\u00e9v\u00e9l\u00e9 dans un entretien accord\u00e9 au journal \u00ab Libert\u00e9 \u00bb que l\u2019h\u00f4pital de Tizi-Ouzou, proc\u00e9dera \u00e0 l\u2019ouverture de deux nouveaux services pour accueillir plus de malades en cas d\u2019afflux important de nombre de cas infect\u00e9s par le Covid-19, notamment avec la [&hellip;]<\/p>\n","protected":false},"author":1740,"featured_media":0,"comment_status":"closed","ping_status":"closed","sticky":false,"template":"","format":"standard","meta":{"fifu_image_url":"","fifu_image_alt":"","footnotes":""},"categories":[53,76],"tags":[],"class_list":["post-92095","post","type-post","status-publish","format-standard","hentry","category-algerie","category-regions"],"_links":{"self":[{"href":"https:\/\/linitiative.ca\/International\/wp-json\/wp\/v2\/posts\/92095","targetHints":{"allow":["GET"]}}],"collection":[{"href":"https:\/\/linitiative.ca\/International\/wp-json\/wp\/v2\/posts"}],"about":[{"href":"https:\/\/linitiative.ca\/International\/wp-json\/wp\/v2\/types\/post"}],"author":[{"embeddable":true,"href":"https:\/\/linitiative.ca\/International\/wp-json\/wp\/v2\/users\/1740"}],"replies":[{"embeddable":true,"href":"https:\/\/linitiative.ca\/International\/wp-json\/wp\/v2\/comments?post=92095"}],"version-history":[{"count":0,"href":"https:\/\/linitiative.ca\/International\/wp-json\/wp\/v2\/posts\/92095\/revisions"}],"wp:attachment":[{"href":"https:\/\/linitiative.ca\/International\/wp-json\/wp\/v2\/media?parent=92095"}],"wp:term":[{"taxonomy":"category","embeddable":true,"href":"https:\/\/linitiative.ca\/International\/wp-json\/wp\/v2\/categories?post=92095"},{"taxonomy":"post_tag","embeddable":true,"href":"https:\/\/linitiative.ca\/International\/wp-json\/wp\/v2\/tags?post=92095"}],"curies":[{"name":"wp","href":"https:\/\/api.w.org\/{rel}","templated":true}]}}