{"id":92114,"date":"2020-07-12T09:19:27","date_gmt":"2020-07-12T13:19:27","guid":{"rendered":"https:\/\/linitiative.ca\/International\/le-groupe-bellebouir-se-lance-dans-la-fabrication-de-platre\/"},"modified":"2020-07-12T09:19:27","modified_gmt":"2020-07-12T13:19:27","slug":"le-groupe-bellebouir-se-lance-dans-la-fabrication-de-platre","status":"publish","type":"post","link":"https:\/\/linitiative.ca\/International\/le-groupe-bellebouir-se-lance-dans-la-fabrication-de-platre\/","title":{"rendered":"Le Groupe Bellebouir se lance dans la fabrication de pl\u00e2tre"},"content":{"rendered":"<p>Le groupe Bellebouir diversifie ses activit\u00e9s. En effet, ce groupe actif dans la fabrication et la distribution de mat\u00e9riaux de construction \u00e0 travers plusieurs filiales actives notamment dans la r\u00e9gion de Casablanca, se lance dans la production et la commercialisation de pl\u00e2tre avec une usine en cours de construction dans la r\u00e9gion de Safi. Aussi, le groupe contr\u00f4l\u00e9 par la famille Bellebouir, men\u00e9 par l\u2019homme d\u2019affaires Abdellatif Bellebouir, ex-maire de la Commune Urbaine de Sidi Bennour et membre du parti de l\u2019USFP, compte investir plus de 30 millions de dirhams (dont la moiti\u00e9 pour une premi\u00e8re phase) dans une unit\u00e9 de transformation de gypse et fabrication d\u2019enduits et pl\u00e2tres d\u00e9coratifs qui verra le jour \u00e0 la commune Sidi Tiji. Le choix de cette r\u00e9gion est loin d\u2019\u00eatre anodin, puisque cette commune (situ\u00e9e \u00e0 40 km au Sud-est de ville de Safi) est tr\u00e8s riche en sable et aussi en gypse. Une r\u00e9gion qui concentre une trentaine de carri\u00e8res actives en gypse et abrite \u00e9galement une des deux usines du leader marocain incontest\u00e9 du gypse et du pl\u00e2tre, \u00e0 savoir Lafarge Placo Maroc, la joint-venture cr\u00e9\u00e9e en fin 2016 entre les deux g\u00e9ants mondiaux de mat\u00e9riaux de construction, le franco-suisse LafargeHolcim et le groupe fran\u00e7ais Saint-Gobain.<\/p>\n<div class=\"c10\"\/>\n<p><strong>Lire aussi | <a href=\"https:\/\/www.challenge.ma\/les-droits-dimportation-vont-augmenter-pour-proteger-la-production-nationale-148524\/\">Les droits d\u2019importation vont augmenter pour prot\u00e9ger la production nationale<\/a><\/strong><\/p>\n<p>Rappelons que le groupe Bellebouir, qui revendique un chiffre\u00a0 d\u2019affaires consolid\u00e9 de plus de 300 millions de dirhams, d\u00e9tient d\u2019autres entit\u00e9s aux m\u00e9tiers compl\u00e9mentaires dont Bel Beton, Ghatbel et Cimabel, qui op\u00e8rent dans la fabrication et la distribution de b\u00e9ton et de certains mat\u00e9riaux de construction, ainsi que Bel Trans, un op\u00e9rateur de transport de marchandises et de location de mat\u00e9riel. Le projet port\u00e9 par Gyptec vient renforcer la pr\u00e9sence de ce groupe familial dans un secteur prometteur,\u00a0 mais dont la croissance sera fortement compromise cette ann\u00e9e \u00e0 cause du repli du march\u00e9 du BTP.<\/p>\n<p><strong>Lire aussi | <a href=\"https:\/\/www.challenge.ma\/immobilier-btp-materiaux-de-construction-le-plan-de-sortie-de-crise-de-nezha-bouchareb-ministre-de-lamenagement-du-territoire-national-de-lurbanisme-et-de-lhabitat-146939\/\">Immobilier, BTP, mat\u00e9riaux de construction\u2026 : le plan de sortie de crise de Nouzha Bouchareb, ministre de l\u2019Am\u00e9nagement du territoire national, de l\u2019Urbanisme et de l\u2019Habitat<\/a><\/strong><\/p>\n<div class=\"vw-sticky-sidebar-wrapper vw-sticky-sidebar widget_text awac-wrapper widget_text awac widget custom_html-4 textwidget custom-html-widget\">\n<p class=\"has-background c12\"><span class=\"widget-title c11\">Tribune et D\u00e9bats<\/span><\/p>\n<p>La tribune qui vous parle d\u2019une actu, d\u2019un sujet qui fait d\u00e9bat, les traitent et les analysent. \u00c9conomistes et autres experts, patrons d\u2019entreprises, d\u00e9cideurs, acteurs de la soci\u00e9t\u00e9 civile, s\u2019y prononcent et contribuent \u00e0 sa grande richesse. Vous avez votre opinion, convergente ou diff\u00e9rente. Exprimez-la et mesurez-vous ainsi \u00e0 nos tribuns et d\u00e9batteurs.<\/p>\n<p>Envoyez vos analyses \u00e0 : <a href=\"\/cdn-cgi\/l\/email-protection#8cefe3e2f8edeff8ccefe4ede0e0e9e2ebe9a2e1ed\"><span class=\"__cf_email__\" data-cfemail=\"274448495346445367444f464b4b42494042094a46\">[email\u00a0protected]<\/span><\/a>, en pr\u00e9cisant votre nom, votre pr\u00e9nom et votre m\u00e9tier.<\/p>\n<\/div>\n<p>Auteur: challenge<br \/>\n<a href=\"https:\/\/www.challenge.ma\/le-groupe-bellebouir-se-lance-dans-la-fabrication-de-platre-147343\/\">Cliquez ici pour lire l&rsquo;article depuis sa source.<\/a><\/p>\n","protected":false},"excerpt":{"rendered":"<p>Le groupe Bellebouir diversifie ses activit\u00e9s. En effet, ce groupe actif dans la fabrication et la distribution de mat\u00e9riaux de construction \u00e0 travers plusieurs filiales actives notamment dans la r\u00e9gion de Casablanca, se lance dans la production et la commercialisation de pl\u00e2tre avec une usine en cours de construction dans la r\u00e9gion de Safi. Aussi, [&hellip;]<\/p>\n","protected":false},"author":1787,"featured_media":0,"comment_status":"closed","ping_status":"closed","sticky":false,"template":"","format":"standard","meta":{"fifu_image_url":"","fifu_image_alt":"","footnotes":""},"categories":[78,54],"tags":[],"class_list":["post-92114","post","type-post","status-publish","format-standard","hentry","category-economie","category-maroc"],"_links":{"self":[{"href":"https:\/\/linitiative.ca\/International\/wp-json\/wp\/v2\/posts\/92114","targetHints":{"allow":["GET"]}}],"collection":[{"href":"https:\/\/linitiative.ca\/International\/wp-json\/wp\/v2\/posts"}],"about":[{"href":"https:\/\/linitiative.ca\/International\/wp-json\/wp\/v2\/types\/post"}],"author":[{"embeddable":true,"href":"https:\/\/linitiative.ca\/International\/wp-json\/wp\/v2\/users\/1787"}],"replies":[{"embeddable":true,"href":"https:\/\/linitiative.ca\/International\/wp-json\/wp\/v2\/comments?post=92114"}],"version-history":[{"count":0,"href":"https:\/\/linitiative.ca\/International\/wp-json\/wp\/v2\/posts\/92114\/revisions"}],"wp:attachment":[{"href":"https:\/\/linitiative.ca\/International\/wp-json\/wp\/v2\/media?parent=92114"}],"wp:term":[{"taxonomy":"category","embeddable":true,"href":"https:\/\/linitiative.ca\/International\/wp-json\/wp\/v2\/categories?post=92114"},{"taxonomy":"post_tag","embeddable":true,"href":"https:\/\/linitiative.ca\/International\/wp-json\/wp\/v2\/tags?post=92114"}],"curies":[{"name":"wp","href":"https:\/\/api.w.org\/{rel}","templated":true}]}}