{"id":92130,"date":"2020-07-12T16:36:31","date_gmt":"2020-07-12T20:36:31","guid":{"rendered":"https:\/\/linitiative.ca\/International\/investiture-de-roch-marc-christian-kabore-a-la-presidentielle-de-2020\/"},"modified":"2020-07-12T16:36:31","modified_gmt":"2020-07-12T20:36:31","slug":"investiture-de-roch-marc-christian-kabore-a-la-presidentielle-de-2020","status":"publish","type":"post","link":"https:\/\/linitiative.ca\/International\/investiture-de-roch-marc-christian-kabore-a-la-presidentielle-de-2020\/","title":{"rendered":"INVESTITURE DE ROCH MARC CHRISTIAN KABORE A LA PRESIDENTIELLE DE 2020"},"content":{"rendered":"<div class=\"stream-item stream-item-above-post-content\">\n<p><noscript><\/p>\n<p><a href=\"\/\/www3.smartadserver.com\/ac?jump=1&amp;nwid=2136&amp;siteid=240610&amp;pgname=rg&amp;fmtid=49046&amp;visit=m&amp;tmstp=[timestamp]&amp;out=nonrich\" target=\"_blank\" rel=\"noopener noreferrer\"><img decoding=\"async\" src=\"http:\/\/www3.smartadserver.com\/ac?out=nonrich&amp;nwid=2136&amp;siteid=240610&amp;pgname=rg&amp;fmtid=49046&amp;visit=m&amp;tmstp=[timestamp]\" border=\"0\" alt=\"\"\/><\/a><\/p>\n<p><\/noscript><\/div>\n<p class=\"c3\"><em>Plusieurs milliers de militants se sont mass\u00e9s samedi dernier \u00e0 l\u2019int\u00e9rieur de l\u2019une des plus grandes enceintes sportives de Ouagadougou, pour assister \u00e0 la c\u00e9r\u00e9monie d\u2019investiture hautement riche en couleurs, du candidat du Mouvement du peuple pour le progr\u00e8s (MPP, parti au pouvoir), Roch Marc Christian Kabor\u00e9. A la tribune install\u00e9e pour la circonstance dans le stade omnisports de Ouaga 2000, l\u2019heure n\u2019\u00e9tait pas \u00e0 l\u2019expression des doutes ou des peurs du lendemain, mais plut\u00f4t \u00e0 l\u2019affichage d\u2019une confiance sans limite. Ce fut l\u2019occasion pour le pr\u00e9sident du parti, Simon Compaor\u00e9, de proc\u00e9der \u00e0 une c\u00e9l\u00e9bration chiffr\u00e9e et sans nuance, du bilan de Roch Kabor\u00e9 \u00e0 la t\u00eate du pays, avec un usage surabondant de superlatifs pour qualifier les actions de ce dernier, conform\u00e9ment aux engagements qu\u2019il a pris en 2015 et auxquels il est rest\u00e9 solidement attach\u00e9, du moins si l\u2019on en croit le tr\u00e8s volubile pr\u00e9sident du MPP. Simon Compaor\u00e9 a aussi opportun\u00e9ment rappel\u00e9 que malgr\u00e9 le contexte d\u00e9favorable o\u00f9 certains de nos compatriotes ont embrass\u00e9 le joug de la radicalisation et de l\u2019extr\u00e9misme violent, le parti au pouvoir et sa t\u00eate de gondole ont pos\u00e9 les jalons de notre d\u00e9collage \u00e9conomique et du bien-\u00eatre dans notre pays. Certes, il faudra conc\u00e9der aux \u00ab\u00a0Orangers\u00a0\u00bb qu\u2019en ces temps de zizanies obscurantistes sem\u00e9es par des groupes arm\u00e9s fanatis\u00e9s qui ont affreusement balafr\u00e9 le socle de notre d\u00e9veloppement qu\u2019est la coh\u00e9sion sociale, il est quasiment impossible que tout aille bien dans le meilleur des mondes possibles et imaginables. Malgr\u00e9 tout, notre pays a pris, c\u2019est le moins qu\u2019on puisse dire, un nouveau d\u00e9part depuis 2015, notamment dans les domaines de l\u2019\u00e9nergie, des infrastructures et de la sant\u00e9. Un bilan donc globalement d\u00e9fendable, selon les congressistes du week-end dernier, qui permettra \u00e0 leur candidat de l\u2019emporter sans coup f\u00e9rir en novembre prochain, face \u00e0 des challengers qui, selon eux, seraient incapables de proposer des projets de soci\u00e9t\u00e9 alternatifs.<\/em><\/p>\n<p class=\"c4\"><strong><em>Il ne semble pas y avoir p\u00e9ril en la demeure<\/em><\/strong><\/p>\n<p class=\"c3\"><em>Pour l\u2019opposition et une partie de l\u2019opinion publique, par contre, il faut \u00eatre de mauvaise foi ou faire preuve d\u2019une h\u00e9r\u00e9sie mentale pour dresser un bilan aussi \u00e9logieux dans un pays o\u00f9 l\u2019ins\u00e9curit\u00e9 et la chert\u00e9 de la vie sont les denr\u00e9es les mieux partag\u00e9es. C\u2019est Laurent-Pierre de Jussieu qui enseignait que \u00ab\u00a0pour que votre travail soit bon, il faut que votre ardeur et votre constance soient vraies (\u2026)\u00a0\u00bb. Or, le candidat qui a \u00e9t\u00e9 investi en grande pompe samedi dernier, a manqu\u00e9 de constance, notamment dans la promesse qu\u2019il a faite de ne c\u00e9der aucun centim\u00e8tre du territoire national, quoi qu\u2019il arrive. Malheureusement, sur ce point pr\u00e9cis de la lutte contre l\u2019ins\u00e9curit\u00e9 sous toutes ses formes, certains Burkinab\u00e8 et pas seulement les opposants politiques, estiment que c\u2019est plut\u00f4t un pr\u00e9sident complaisant voire laxiste qu\u2019il nous a \u00e9t\u00e9 donn\u00e9 de voir, et il tra\u00eenera certainement cette image comme un boulet, \u00e0 la prochaine pr\u00e9sidentielle. En tout \u00e9tat de cause, on peut dire que le plus dur reste \u00e0 venir pour le pr\u00e9sident-candidat avec ce quinquennat au bilan mitig\u00e9, et une probable guerre de positionnement des candidats de son parti aux l\u00e9gislatives, au cours de laquelle le choc des ambitions va remettre sur le tapis les intrigues et les mesquineries de caniveaux dont les hommes politiques sont sp\u00e9cialistes. Pour autant, il ne semble pas y avoir p\u00e9ril en la demeure et le pr\u00e9sident du MPP, le candidat Kabor\u00e9 ainsi que leurs militants sont d\u2019autant plus confiants qu\u2019ils ont re\u00e7u un renfort de taille\u00a0: celui de la quarantaine de formations politiques regroup\u00e9es au sein de l\u2019Alliance des partis de la majorit\u00e9 pr\u00e9sidentielle repr\u00e9sent\u00e9e au congr\u00e8s d\u2019investiture par le sankariste et vice-pr\u00e9sident de l\u2019Assembl\u00e9e nationale, Ma\u00eetre B\u00e9n\u00e9wende Stanislas Sankara.<\/em><\/p>\n<p class=\"c3\"><strong><em>Hamadou GADIAGA<\/em><\/strong><\/p>\n<p>Auteur: Le Pays<br \/>\n<a href=\"http:\/\/lepays.bf\/investiture-de-roch-marc-christian-kabore-a-la-presidentielle-de-2020\/\">Cliquez ici pour lire l&rsquo;article depuis sa source.<\/a><\/p>\n","protected":false},"excerpt":{"rendered":"<p>Plusieurs milliers de militants se sont mass\u00e9s samedi dernier \u00e0 l\u2019int\u00e9rieur de l\u2019une des plus grandes enceintes sportives de Ouagadougou, pour assister \u00e0 la c\u00e9r\u00e9monie d\u2019investiture hautement riche en couleurs, du candidat du Mouvement du peuple pour le progr\u00e8s (MPP, parti au pouvoir), Roch Marc Christian Kabor\u00e9. A la tribune install\u00e9e pour la circonstance dans [&hellip;]<\/p>\n","protected":false},"author":1813,"featured_media":0,"comment_status":"closed","ping_status":"closed","sticky":false,"template":"","format":"standard","meta":{"fifu_image_url":"","fifu_image_alt":"","footnotes":""},"categories":[73,81],"tags":[],"class_list":["post-92130","post","type-post","status-publish","format-standard","hentry","category-actualite","category-burkina-faso"],"_links":{"self":[{"href":"https:\/\/linitiative.ca\/International\/wp-json\/wp\/v2\/posts\/92130","targetHints":{"allow":["GET"]}}],"collection":[{"href":"https:\/\/linitiative.ca\/International\/wp-json\/wp\/v2\/posts"}],"about":[{"href":"https:\/\/linitiative.ca\/International\/wp-json\/wp\/v2\/types\/post"}],"author":[{"embeddable":true,"href":"https:\/\/linitiative.ca\/International\/wp-json\/wp\/v2\/users\/1813"}],"replies":[{"embeddable":true,"href":"https:\/\/linitiative.ca\/International\/wp-json\/wp\/v2\/comments?post=92130"}],"version-history":[{"count":0,"href":"https:\/\/linitiative.ca\/International\/wp-json\/wp\/v2\/posts\/92130\/revisions"}],"wp:attachment":[{"href":"https:\/\/linitiative.ca\/International\/wp-json\/wp\/v2\/media?parent=92130"}],"wp:term":[{"taxonomy":"category","embeddable":true,"href":"https:\/\/linitiative.ca\/International\/wp-json\/wp\/v2\/categories?post=92130"},{"taxonomy":"post_tag","embeddable":true,"href":"https:\/\/linitiative.ca\/International\/wp-json\/wp\/v2\/tags?post=92130"}],"curies":[{"name":"wp","href":"https:\/\/api.w.org\/{rel}","templated":true}]}}