{"id":92131,"date":"2020-07-12T16:56:08","date_gmt":"2020-07-12T20:56:08","guid":{"rendered":"https:\/\/linitiative.ca\/International\/presidentielle-2020-roch-kabore-porte-etendard-du-mpp\/"},"modified":"2020-07-12T16:56:08","modified_gmt":"2020-07-12T20:56:08","slug":"presidentielle-2020-roch-kabore-porte-etendard-du-mpp","status":"publish","type":"post","link":"https:\/\/linitiative.ca\/International\/presidentielle-2020-roch-kabore-porte-etendard-du-mpp\/","title":{"rendered":"Pr\u00e9sidentielle 2020 Roch Kabor\u00e9, porte-\u00e9tendard du MPP"},"content":{"rendered":"<div class=\"td-post-featured-image\"><a href=\"https:\/\/www.sidwaya.info\/wp-content\/uploads\/2020\/07\/mppsid13.jpg\" data-caption=\"\"><img loading=\"lazy\" decoding=\"async\" width=\"696\" height=\"464\" class=\"entry-thumb td-modal-image\" src=\"https:\/\/www.sidwaya.info\/wp-content\/uploads\/2020\/07\/mppsid13-696x464.jpg\" srcset=\"https:\/\/www.sidwaya.info\/wp-content\/uploads\/2020\/07\/mppsid13-696x464.jpg 696w, https:\/\/www.sidwaya.info\/wp-content\/uploads\/2020\/07\/mppsid13-300x200.jpg 300w, https:\/\/www.sidwaya.info\/wp-content\/uploads\/2020\/07\/mppsid13-768x512.jpg 768w, https:\/\/www.sidwaya.info\/wp-content\/uploads\/2020\/07\/mppsid13-630x420.jpg 630w, https:\/\/www.sidwaya.info\/wp-content\/uploads\/2020\/07\/mppsid13.jpg 787w\" sizes=\"auto, (max-width: 696px) 100vw, 696px\" alt=\"\" title=\"mppsid13\"\/><\/a><\/div>\n<p><strong>Le Mouvement du peuple pour le progr\u00e8s (MPP) a investi, le samedi 11 juillet 2020 \u00e0 Ouagadougou, lors d\u2019un congr\u00e8s extraordinaire, le pr\u00e9sident du Faso, Roch Marc Christian Kabor\u00e9, comme son candidat \u00e0 la pr\u00e9sidentielle du 22 novembre prochain.<\/strong><\/p>\n<p>C\u2019est d\u00e9sormais officiel, le pr\u00e9sident du Faso, Roch Marc Christian Kabor\u00e9, est candidat \u00e0 sa propre succession. Il a \u00e9t\u00e9 investi par son parti, le Mouvement du peule pour le progr\u00e8s (MPP) au cours d\u2019un congr\u00e8s extraordinaire, le samedi 11 juillet 2020 \u00e0 Ouagadougou. Une mission que le pr\u00e9sident-candidat a accept\u00e9 volontiers selon son message livr\u00e9 par son envoy\u00e9 sp\u00e9cial, le ministre Sim\u00e9on Sawadogo. \u00ab\u00a0Sous mon premier mandat, beaucoup de chantiers ont \u00e9t\u00e9 ouverts. D\u2019autres devront l\u2019\u00eatre pour un Burkina Faso de paix, de s\u00e9curit\u00e9, de d\u00e9mocratie, de progr\u00e8s \u00e9conomique et social. C\u2019est pourquoi, face au choix port\u00e9 sur ma personne, il est un devoir patriotique pour moi de r\u00e9pondre oui\u00a0\u00e0 votre sollicitation pour tenir le flambeau et engranger avec vous de larges victoires \u00bb, a indiqu\u00e9 M. Sawadogo. En effet, pour les 4375 congressistes venus de l\u2019\u00e9tranger et de tout le pays, il n\u2019y a pas meilleur candidat que le leur. Et les titres et les qualificatifs n\u2019ont pas manqu\u00e9 pour pr\u00e9senter leur \u00ab\u00a0champion\u00a0\u00bb. Dans leurs discours, le pr\u00e9sident du MPP, Simon Compaor\u00e9, et le secr\u00e9taire charg\u00e9 de la mobilisation des jeunes, Bachir Isma\u00ebl Ou\u00e9draogo, ont d\u00e9clar\u00e9 que le premier quinquennat du chef de l\u2019Etat a \u00e9t\u00e9 \u00ab\u00a0bien\u00a0\u00bb meubl\u00e9 sur le plan des infrastructures (construction et bitumage de routes), de la sant\u00e9 (assurance maladie universelle), de l\u2019\u00e9ducation (r\u00e9duction des \u00e9coles sous paillote) et ce, malgr\u00e9 un contexte s\u00e9curitaire marqu\u00e9 par des attaques terroristes et un climat social domin\u00e9 par des revendications tous azimuts.<\/p>\n<p>Resserrer les rangs<\/p>\n<div class=\"td-a-rec td-a-rec-id-content_inline tdi_30_cb4 td_block_template_1\"><img loading=\"lazy\" decoding=\"async\" class=\"aligncenter size-full wp-image-21314\" src=\"https:\/\/www.sidwaya.info\/wp-content\/uploads\/2020\/04\/Bandeau-Covid-19-Sidwaya-1.jpg\" alt=\"\" width=\"790\" height=\"98\"\/><\/div>\n<p>Des r\u00e9sultats qui, selon les militants et sympathisants du \u00ab\u00a0parti du soleil levant\u00a0\u00bb, renforcent le leadership du pr\u00e9sident-candidat et le positionne comme \u00ab\u00a0l\u2019\u00e9talon id\u00e9al\u00a0\u00bb pour acc\u00e9l\u00e9rer la marche radieuse de progr\u00e8s au Burkina. Pour Simon Compaor\u00e9, un nouveau jour se l\u00e8ve, et l\u2019heure n\u2019est plus aux tergiversations. Il a exhort\u00e9 les militants \u00e0 resserrer les rangs et \u00e0 occuper sans plus attendre le terrain pour offrir au candidat une \u00ab\u00a0victoire \u00e9clatante, incontestable et sans appel\u00a0\u00bb au soir du scrutin du 22 novembre prochain. \u00ab\u00a0Nous ne m\u00e9nagerons aucun effort pour investir les terrains de la lutte politique dans les 45 provinces, les 370 communes et arrondissements, les 9000 villages et hameaux de cultures pour assurer une victoire au premier tour assortie d\u2019une majorit\u00e9 confortable \u00e0 l\u2019Assembl\u00e9e nationale\u00a0\u00bb, a indiqu\u00e9 le pr\u00e9sident du MPP. Une dynamique soutenue par les partis membres de l\u2019Alliance des partis politiques de la majorit\u00e9 pr\u00e9sidentielle (APMP), repr\u00e9sent\u00e9s \u00e0 ce congr\u00e8s par Me B\u00e9n\u00e9wend\u00e9 Stanislas Sankara. Selon ce dernier, le candidat du MPP incarne l\u2019espoir et la tranquillit\u00e9 d\u2019un peuple. \u00ab\u00a0Le pouvoir de Roch a su contenir la COVID-19\u00a0\u00bb, a-t-il d\u00e9clar\u00e9. Mieux, le porte-parole de l\u2019APMP a exprim\u00e9 leur \u00ab\u00a0totale confiance\u00a0\u00bb au chef de l\u2019Etat car, nonobstant les entraves et les difficult\u00e9s, le premier quinquennat, selon lui, a connu des r\u00e9sultats probants. \u00ab\u00a0Le pr\u00e9sident Roch Marc Christian Kabor\u00e9 est un homme d\u2019\u00e9coute, un leader qui incarne les valeurs de paix, de justice et dont le programme a pos\u00e9 les bases d\u2019un r\u00e9el d\u00e9veloppement endog\u00e8ne\u00a0\u00bb, a soutenu le pr\u00e9sident de l\u2019UNIR\/PS. Raison pour laquelle, selon lui, l\u2019APMP s\u2019est r\u00e9solument engag\u00e9e \u00e0 soutenir sans r\u00e9serve la candidature du pr\u00e9sident sortant.<\/p>\n<p>Wanl\u00e9 G\u00e9rard<br \/>COULIBALY<br \/>Joseph HARO<\/p>\n<div class=\"td-a-rec td-a-rec-id-content_bottom tdi_31_f65 td_block_template_1\"><img loading=\"lazy\" decoding=\"async\" class=\"aligncenter size-full wp-image-22415\" src=\"https:\/\/www.sidwaya.info\/wp-content\/uploads\/2020\/05\/Bandeau-paiement-mobile-site.png\" alt=\"\" width=\"728\" height=\"90\"\/><\/div>\n<p>Auteur: BM. Sidwaya<br \/>\n<a href=\"https:\/\/www.sidwaya.info\/blog\/2020\/07\/12\/presidentielle-2020-roch-kabore-porte-etendard-du-mpp\/\">Cliquez ici pour lire l&rsquo;article depuis sa source.<\/a><\/p>\n","protected":false},"excerpt":{"rendered":"<p>Le Mouvement du peuple pour le progr\u00e8s (MPP) a investi, le samedi 11 juillet 2020 \u00e0 Ouagadougou, lors d\u2019un congr\u00e8s extraordinaire, le pr\u00e9sident du Faso, Roch Marc Christian Kabor\u00e9, comme son candidat \u00e0 la pr\u00e9sidentielle du 22 novembre prochain. C\u2019est d\u00e9sormais officiel, le pr\u00e9sident du Faso, Roch Marc Christian Kabor\u00e9, est candidat \u00e0 sa propre [&hellip;]<\/p>\n","protected":false},"author":1816,"featured_media":92132,"comment_status":"closed","ping_status":"closed","sticky":false,"template":"","format":"standard","meta":{"fifu_image_url":"","fifu_image_alt":"","footnotes":""},"categories":[73,81],"tags":[],"class_list":["post-92131","post","type-post","status-publish","format-standard","has-post-thumbnail","hentry","category-actualite","category-burkina-faso"],"_links":{"self":[{"href":"https:\/\/linitiative.ca\/International\/wp-json\/wp\/v2\/posts\/92131","targetHints":{"allow":["GET"]}}],"collection":[{"href":"https:\/\/linitiative.ca\/International\/wp-json\/wp\/v2\/posts"}],"about":[{"href":"https:\/\/linitiative.ca\/International\/wp-json\/wp\/v2\/types\/post"}],"author":[{"embeddable":true,"href":"https:\/\/linitiative.ca\/International\/wp-json\/wp\/v2\/users\/1816"}],"replies":[{"embeddable":true,"href":"https:\/\/linitiative.ca\/International\/wp-json\/wp\/v2\/comments?post=92131"}],"version-history":[{"count":0,"href":"https:\/\/linitiative.ca\/International\/wp-json\/wp\/v2\/posts\/92131\/revisions"}],"wp:featuredmedia":[{"embeddable":true,"href":"https:\/\/linitiative.ca\/International\/wp-json\/"}],"wp:attachment":[{"href":"https:\/\/linitiative.ca\/International\/wp-json\/wp\/v2\/media?parent=92131"}],"wp:term":[{"taxonomy":"category","embeddable":true,"href":"https:\/\/linitiative.ca\/International\/wp-json\/wp\/v2\/categories?post=92131"},{"taxonomy":"post_tag","embeddable":true,"href":"https:\/\/linitiative.ca\/International\/wp-json\/wp\/v2\/tags?post=92131"}],"curies":[{"name":"wp","href":"https:\/\/api.w.org\/{rel}","templated":true}]}}