{"id":92135,"date":"2020-07-12T17:03:42","date_gmt":"2020-07-12T21:03:42","guid":{"rendered":"https:\/\/linitiative.ca\/International\/audit-de-la-gestion-2018-du-gouvernement\/"},"modified":"2020-07-12T17:03:42","modified_gmt":"2020-07-12T21:03:42","slug":"audit-de-la-gestion-2018-du-gouvernement","status":"publish","type":"post","link":"https:\/\/linitiative.ca\/International\/audit-de-la-gestion-2018-du-gouvernement\/","title":{"rendered":"Audit de la gestion 2018  du gouvernement"},"content":{"rendered":"<div class=\"td-post-featured-image\"><a href=\"https:\/\/www.sidwaya.info\/wp-content\/uploads\/2020\/07\/aclelc13.jpg\" data-caption=\"\"><img loading=\"lazy\" decoding=\"async\" width=\"696\" height=\"464\" class=\"entry-thumb td-modal-image\" src=\"https:\/\/www.sidwaya.info\/wp-content\/uploads\/2020\/07\/aclelc13-696x464.jpg\" srcset=\"https:\/\/www.sidwaya.info\/wp-content\/uploads\/2020\/07\/aclelc13-696x464.jpg 696w, https:\/\/www.sidwaya.info\/wp-content\/uploads\/2020\/07\/aclelc13-300x200.jpg 300w, https:\/\/www.sidwaya.info\/wp-content\/uploads\/2020\/07\/aclelc13-768x512.jpg 768w, https:\/\/www.sidwaya.info\/wp-content\/uploads\/2020\/07\/aclelc13-630x420.jpg 630w, https:\/\/www.sidwaya.info\/wp-content\/uploads\/2020\/07\/aclelc13.jpg 787w\" sizes=\"auto, (max-width: 696px) 100vw, 696px\" alt=\"\" title=\"aclelc13\"\/><\/a><\/div>\n<p><strong>L\u2019Autorit\u00e9 sup\u00e9rieure de contr\u00f4le d\u2019Etat et de lutte contre la corruption (ASCE-LC) a clos un atelier sur l\u2019audit de la gestion 2018 par le gouvernement, le vendredi 10 juillet 2020, \u00e0 Ouagadougou.<\/strong><\/p>\n<p>L\u2019Autorit\u00e9 sup\u00e9rieure de contr\u00f4le d\u2019Etat et de lutte contre la corruption (ASCE-LC) entend faire la lumi\u00e8re sur les d\u00e9penses irr\u00e9guli\u00e8res du gouvernement. C\u2019est \u00e0 l\u2019occasion de la comm\u00e9moration de \u00ab\u00a0la Journ\u00e9e africaine de lutte contre la corruption\u00a0\u00bb qui s\u2019est d\u00e9roul\u00e9e le 11 juillet 2020, qu\u2019elle a clos, le vendredi 10 juillet 2020, \u00e0 Ouagadougou, son atelier-bilan sur l\u2019audit gestion 2018. Pour le contr\u00f4leur g\u00e9n\u00e9ral d\u2019Etat adjoint par int\u00e9rim, Urbain Millogo, c\u2019est \u00e0 la demande du gouvernement que l\u2019audit N\u00b01 a \u00e9t\u00e9 r\u00e9alis\u00e9. \u00ab\u00a0L\u2019audit s\u2019est d\u00e9roul\u00e9 du 15 avril au 15 mai 2020 et a concern\u00e9 l\u2019exercice budg\u00e9taire de 2018 de la Pr\u00e9sidence du Faso, de la Primature et les autres d\u00e9partements minist\u00e9riels. L\u2019objectif \u00e9tait de mener des audits sur la gestion financi\u00e8re et comptable exercice en 2018\u00a0\u00bb, a d\u00e9clar\u00e9 M. Millogo. Il a indiqu\u00e9 que ce contr\u00f4le a couvert les domaines tels que la commande publique, les comptes de d\u00e9p\u00f4t, le carburant et lubrifiants et les r\u00e9gies d\u2019avances. En ce qui concerne les commandes publiques, l\u2019audit r\u00e9v\u00e8le que 2 861 commandes publiques, d\u2019un montant de 156 milliards\u00a0627 millions\u00a0608 054 francs CFA ont \u00e9t\u00e9 examin\u00e9es. Le montant de la commande publique par les proc\u00e9dures exceptionnelles se chiffre \u00e0 39\u00a0milliards 331millions\u00a0455\u00a0329 francs CFA, soit 28,84% du montant total de la commande publique pass\u00e9e en 2018 contre un taux de 35, 59% en 2017. Pour le contr\u00f4le des comptes des d\u00e9p\u00f4ts, l\u2019audit a pass\u00e9 en revue 107\u00a0070\u00a0096\u00a0692 francs CFA<br \/>de d\u00e9penses. Il appara\u00eet que 951\u00a0849\u00a0714 francs CFA des d\u00e9penses ont \u00e9t\u00e9 irr\u00e9guli\u00e8res, soit 0,88% des d\u00e9penses totales en 2018. Pour le contr\u00f4leur g\u00e9n\u00e9ral adjoint par int\u00e9rim, ces chiffres indiquent une tendance de baisse des d\u00e9penses irr\u00e9guli\u00e8res de 2018 par rapport \u00e0 2017 qui sont pass\u00e9es de 2,25% \u00e0 0,88%. Quant aux r\u00e9gies d\u2019avances, selon l\u2019audit, en 2018 sur des recettes totales de 11 milliards 498 millions 728 458 francs CFA, les d\u00e9penses s\u2019\u00e9levaient \u00e0 10 milliards 922 millions 679\u00a0619 francs CFA pour l\u2019ensemble des r\u00e9gies d\u2019avances v\u00e9rifi\u00e9es. Le montant total des d\u00e9penses irr\u00e9guli\u00e8res est de 163 millions 378\u00a0985 franc CFA, soit 1,50% contre 17,60% en 2017. Urbain Millogo a affirm\u00e9 qu\u2019au niveau du carburant et des lubrifiants, sur une consommation totale de 18 milliards 936 millions 974\u00a0640 F CFA, l\u2019on note une consommation irr\u00e9guli\u00e8re de 248 millions 900\u00a0077 francs CFA repr\u00e9sentant 1,31%, en baisse par rapport en 2017 qui enregistrait un taux de 3,11%, soit 300 millions 416\u00a0625 francs CFA de consommations irr\u00e9guli\u00e8res sur une consommation totale de 9 milliards 668 millions\u00a0157\u00a0607 francs CFA. \u00ab\u00a0L\u2019audit de gestion 2018 du gouvernement a permis de constater une am\u00e9lioration de la gestion par rapport aux ann\u00e9es ant\u00e9rieures. Nous notons \u00e9galement une tendance \u00e0 la baisse des irr\u00e9gularit\u00e9s au niveau des comptes de d\u00e9p\u00f4t, des r\u00e9gies d\u2019avances et du carburant et lubrifiants\u00a0\u00bb, a relev\u00e9 le contr\u00f4leur g\u00e9n\u00e9ral d\u2019Etat, Luc Marius Ibriga.<\/p>\n<p>Aziz CONGO<br \/>&amp; Aida OUEDRAOGO<br \/>(Stagiaire)<\/p>\n<div class=\"td-a-rec td-a-rec-id-content_inline tdi_30_00f td_block_template_1\"><img loading=\"lazy\" decoding=\"async\" class=\"aligncenter size-full wp-image-21314\" src=\"https:\/\/www.sidwaya.info\/wp-content\/uploads\/2020\/04\/Bandeau-Covid-19-Sidwaya-1.jpg\" alt=\"\" width=\"790\" height=\"98\"\/><\/div>\n<div class=\"td-a-rec td-a-rec-id-content_bottom tdi_31_14e td_block_template_1\"><img loading=\"lazy\" decoding=\"async\" class=\"aligncenter size-full wp-image-22415\" src=\"https:\/\/www.sidwaya.info\/wp-content\/uploads\/2020\/05\/Bandeau-paiement-mobile-site.png\" alt=\"\" width=\"728\" height=\"90\"\/><\/div>\n<p>Auteur: BM. Sidwaya<br \/>\n<a href=\"https:\/\/www.sidwaya.info\/blog\/2020\/07\/12\/audit-de-la-gestion-2018-du-gouvernement\/\">Cliquez ici pour lire l&rsquo;article depuis sa source.<\/a><\/p>\n","protected":false},"excerpt":{"rendered":"<p>L\u2019Autorit\u00e9 sup\u00e9rieure de contr\u00f4le d\u2019Etat et de lutte contre la corruption (ASCE-LC) a clos un atelier sur l\u2019audit de la gestion 2018 par le gouvernement, le vendredi 10 juillet 2020, \u00e0 Ouagadougou. L\u2019Autorit\u00e9 sup\u00e9rieure de contr\u00f4le d\u2019Etat et de lutte contre la corruption (ASCE-LC) entend faire la lumi\u00e8re sur les d\u00e9penses irr\u00e9guli\u00e8res du gouvernement. C\u2019est [&hellip;]<\/p>\n","protected":false},"author":1816,"featured_media":92136,"comment_status":"closed","ping_status":"closed","sticky":false,"template":"","format":"standard","meta":{"fifu_image_url":"","fifu_image_alt":"","footnotes":""},"categories":[73,81],"tags":[],"class_list":["post-92135","post","type-post","status-publish","format-standard","has-post-thumbnail","hentry","category-actualite","category-burkina-faso"],"_links":{"self":[{"href":"https:\/\/linitiative.ca\/International\/wp-json\/wp\/v2\/posts\/92135","targetHints":{"allow":["GET"]}}],"collection":[{"href":"https:\/\/linitiative.ca\/International\/wp-json\/wp\/v2\/posts"}],"about":[{"href":"https:\/\/linitiative.ca\/International\/wp-json\/wp\/v2\/types\/post"}],"author":[{"embeddable":true,"href":"https:\/\/linitiative.ca\/International\/wp-json\/wp\/v2\/users\/1816"}],"replies":[{"embeddable":true,"href":"https:\/\/linitiative.ca\/International\/wp-json\/wp\/v2\/comments?post=92135"}],"version-history":[{"count":0,"href":"https:\/\/linitiative.ca\/International\/wp-json\/wp\/v2\/posts\/92135\/revisions"}],"wp:featuredmedia":[{"embeddable":true,"href":"https:\/\/linitiative.ca\/International\/wp-json\/"}],"wp:attachment":[{"href":"https:\/\/linitiative.ca\/International\/wp-json\/wp\/v2\/media?parent=92135"}],"wp:term":[{"taxonomy":"category","embeddable":true,"href":"https:\/\/linitiative.ca\/International\/wp-json\/wp\/v2\/categories?post=92135"},{"taxonomy":"post_tag","embeddable":true,"href":"https:\/\/linitiative.ca\/International\/wp-json\/wp\/v2\/tags?post=92135"}],"curies":[{"name":"wp","href":"https:\/\/api.w.org\/{rel}","templated":true}]}}