{"id":92137,"date":"2020-07-12T17:06:44","date_gmt":"2020-07-12T21:06:44","guid":{"rendered":"https:\/\/linitiative.ca\/International\/quils-me-haissent-pourvu-quils-me-craignent-neron\/"},"modified":"2020-07-12T17:06:44","modified_gmt":"2020-07-12T21:06:44","slug":"quils-me-haissent-pourvu-quils-me-craignent-neron","status":"publish","type":"post","link":"https:\/\/linitiative.ca\/International\/quils-me-haissent-pourvu-quils-me-craignent-neron\/","title":{"rendered":"\u00ab Qu\u2019ils me ha\u00efssent ! Pourvu qu\u2019ils me craignent ! \u00bb (N\u00e9ron)"},"content":{"rendered":"<p>\u00ab Si tu ne peux\u2026, si tu ne peux\u2026remets ton sabre aux femmes ! Elles te monteront le chemin de l\u2019honneur !\u2026 \u00bb (Epop\u00e9e du Mandingue). Depuis la nuit des temps des peuples, on nous apprend que le pouvoir politique se c\u00e8de rarement de gait\u00e9 de c\u0153ur.<br \/>Quand il n\u2019est pas retir\u00e9 des affrontements meurtriers ! Dans nos pays de mis\u00e8res diverses, il existe possiblement un virus hostile aux d\u00e9marches d\u00e9mocratiques du changement.<br \/>Celui qui \u00ab en a fini \u00bb avec les papiers des Blancs n\u2019a pas besoin des \u00ab comp\u00e9tences \u00bb du marabout pour mystifier les \u00e9lecteurs. Et celui qui a su ou pu ( ?!) \u00e9viter la place du mort dans un avion voici quelques ann\u00e9es peut aujourd\u2019hui faire du \u00ab saute-montagnes, et saute-mers \u00bb avec ces \u00ab pirogues du ciel \u00bb (m\u00e9taphore bambara) pour \u00e9chapper \u00e0 la prison des humains avec ; ces jours, l\u2019espoir d\u2019un fauteuil pr\u00e9sidentiel ! Sait-on jamais, avec ces hommes de couleur-l\u00e0 !?\u2026qui n\u2019ont jamais fini d\u2019\u00e9tonner le monde.<\/p>\n<p>Mounir<\/p>\n<div class=\"td-a-rec td-a-rec-id-content_bottom tdi_30_4eb td_block_template_1\"><img loading=\"lazy\" decoding=\"async\" class=\"aligncenter size-full wp-image-22415\" src=\"https:\/\/www.sidwaya.info\/wp-content\/uploads\/2020\/05\/Bandeau-paiement-mobile-site.png\" alt=\"\" width=\"728\" height=\"90\"\/><\/div>\n<p>Auteur: BM. Sidwaya<br \/>\n<a href=\"https:\/\/www.sidwaya.info\/blog\/2020\/07\/12\/quils-me-haissent-pourvu-quils-me-craignent-neron\/\">Cliquez ici pour lire l&rsquo;article depuis sa source.<\/a><\/p>\n","protected":false},"excerpt":{"rendered":"<p>\u00ab Si tu ne peux\u2026, si tu ne peux\u2026remets ton sabre aux femmes ! Elles te monteront le chemin de l\u2019honneur !\u2026 \u00bb (Epop\u00e9e du Mandingue). Depuis la nuit des temps des peuples, on nous apprend que le pouvoir politique se c\u00e8de rarement de gait\u00e9 de c\u0153ur.Quand il n\u2019est pas retir\u00e9 des affrontements meurtriers ! [&hellip;]<\/p>\n","protected":false},"author":1816,"featured_media":92138,"comment_status":"closed","ping_status":"closed","sticky":false,"template":"","format":"standard","meta":{"fifu_image_url":"","fifu_image_alt":"","footnotes":""},"categories":[73,81],"tags":[],"class_list":["post-92137","post","type-post","status-publish","format-standard","has-post-thumbnail","hentry","category-actualite","category-burkina-faso"],"_links":{"self":[{"href":"https:\/\/linitiative.ca\/International\/wp-json\/wp\/v2\/posts\/92137","targetHints":{"allow":["GET"]}}],"collection":[{"href":"https:\/\/linitiative.ca\/International\/wp-json\/wp\/v2\/posts"}],"about":[{"href":"https:\/\/linitiative.ca\/International\/wp-json\/wp\/v2\/types\/post"}],"author":[{"embeddable":true,"href":"https:\/\/linitiative.ca\/International\/wp-json\/wp\/v2\/users\/1816"}],"replies":[{"embeddable":true,"href":"https:\/\/linitiative.ca\/International\/wp-json\/wp\/v2\/comments?post=92137"}],"version-history":[{"count":0,"href":"https:\/\/linitiative.ca\/International\/wp-json\/wp\/v2\/posts\/92137\/revisions"}],"wp:featuredmedia":[{"embeddable":true,"href":"https:\/\/linitiative.ca\/International\/wp-json\/"}],"wp:attachment":[{"href":"https:\/\/linitiative.ca\/International\/wp-json\/wp\/v2\/media?parent=92137"}],"wp:term":[{"taxonomy":"category","embeddable":true,"href":"https:\/\/linitiative.ca\/International\/wp-json\/wp\/v2\/categories?post=92137"},{"taxonomy":"post_tag","embeddable":true,"href":"https:\/\/linitiative.ca\/International\/wp-json\/wp\/v2\/tags?post=92137"}],"curies":[{"name":"wp","href":"https:\/\/api.w.org\/{rel}","templated":true}]}}