{"id":92139,"date":"2020-07-12T17:09:19","date_gmt":"2020-07-12T21:09:19","guid":{"rendered":"https:\/\/linitiative.ca\/International\/incarner-une-nouvelle-vision\/"},"modified":"2020-07-12T17:09:19","modified_gmt":"2020-07-12T21:09:19","slug":"incarner-une-nouvelle-vision","status":"publish","type":"post","link":"https:\/\/linitiative.ca\/International\/incarner-une-nouvelle-vision\/","title":{"rendered":"Incarner une nouvelle vision"},"content":{"rendered":"<div class=\"td-post-sharing-top td-post-sharing td-ps-bg td-ps-padding td-ps-bar td-post-sharing-style6\">\n<div class=\"td-post-sharing-visible\"><a class=\"td-social-sharing-button td-social-sharing-button-js td-social-network td-social-facebook\" href=\"https:\/\/www.facebook.com\/sharer.php?u=https%3A%2F%2Fwww.sidwaya.info%2Fblog%2F2020%2F07%2F12%2Fincarner-une-nouvelle-vision%2F\"\/><\/p>\n<p>Facebook<\/p>\n<p><a class=\"td-social-sharing-button td-social-sharing-button-js td-social-network td-social-twitter\" href=\"https:\/\/twitter.com\/intent\/tweet?text=Incarner+une+nouvelle+vision&amp;url=https%3A%2F%2Fwww.sidwaya.info%2Fblog%2F2020%2F07%2F12%2Fincarner-une-nouvelle-vision%2F&amp;via=Quotidien+Sidwaya\"\/><\/p>\n<p>Twitter<\/p>\n<p><a class=\"td-social-sharing-button td-social-sharing-button-js td-social-network td-social-pinterest\" href=\"https:\/\/pinterest.com\/pin\/create\/button\/?url=https:\/\/www.sidwaya.info\/blog\/2020\/07\/12\/incarner-une-nouvelle-vision\/&amp;media=https:\/\/www.sidwaya.info\/wp-content\/uploads\/2020\/07\/sidedito.jpg&amp;description=Incarner+une+nouvelle+vision\"\/><\/p>\n<p>Pinterest<\/p>\n<p><a class=\"td-social-sharing-button td-social-sharing-button-js td-social-network td-social-whatsapp\" href=\"whatsapp:\/\/send?text=Incarner+une+nouvelle+vision%20%0A%0A%20https:\/\/www.sidwaya.info\/blog\/2020\/07\/12\/incarner-une-nouvelle-vision\/\"\/><\/p>\n<p>WhatsApp<\/p>\n<p><a class=\"td-social-sharing-button td-social-sharing-button-js td-social-network td-social-linkedin\" href=\"https:\/\/www.linkedin.com\/shareArticle?mini=true&amp;url=https:\/\/www.sidwaya.info\/blog\/2020\/07\/12\/incarner-une-nouvelle-vision\/&amp;title=Incarner+une+nouvelle+vision\"\/><\/p>\n<p>Linkedin<\/p>\n<p><a class=\"td-social-sharing-button td-social-sharing-button-js td-social-network td-social-mail\" href=\"mailto:?subject=Incarner%20une%20nouvelle%20vision&amp;body=https:\/\/www.sidwaya.info\/blog\/2020\/07\/12\/incarner-une-nouvelle-vision\/\"\/><\/p>\n<p>Email<\/p>\n<p><a class=\"td-social-sharing-button td-social-sharing-button-js td-social-network td-social-print\" href=\"#\"\/><\/p>\n<p>Print<\/p>\n<p><a class=\"td-social-sharing-button td-social-sharing-button-js td-social-network td-social-tumblr\" href=\"https:\/\/www.tumblr.com\/share\/link?url=https:\/\/www.sidwaya.info\/blog\/2020\/07\/12\/incarner-une-nouvelle-vision\/&amp;name=Incarner%20une%20nouvelle%20vision\"\/><\/p>\n<p>Tumblr<\/p>\n<p><a class=\"td-social-sharing-button td-social-sharing-button-js td-social-network td-social-telegram\" href=\"https:\/\/telegram.me\/share\/url?url=https:\/\/www.sidwaya.info\/blog\/2020\/07\/12\/incarner-une-nouvelle-vision\/&amp;text=Incarner+une+nouvelle+vision\"\/><\/p>\n<p>Telegram<\/p>\n<p><a class=\"td-social-sharing-button td-social-sharing-button-js td-social-network td-social-viber\" href=\"viber:\/\/forward?text=Incarner+une+nouvelle+vision%20https:\/\/www.sidwaya.info\/blog\/2020\/07\/12\/incarner-une-nouvelle-vision\/\"\/><\/p>\n<p>Viber<\/p>\n<p><a class=\"td-social-sharing-button td-social-sharing-button-js td-social-network td-social-naver\" href=\"https:\/\/share.naver.com\/web\/shareView.nhn?url=https:\/\/www.sidwaya.info\/blog\/2020\/07\/12\/incarner-une-nouvelle-vision\/&amp;title=Incarner+une+nouvelle+vision\"\/><\/p>\n<p>Naver<\/p>\n<\/div>\n<\/div>\n<div class=\"td-post-content tagdiv-type\" readability=\"66\">\n<div class=\"td-post-featured-image\"><a href=\"https:\/\/www.sidwaya.info\/wp-content\/uploads\/2020\/07\/sidedito.jpg\" data-caption=\"\"><img loading=\"lazy\" decoding=\"async\" width=\"418\" height=\"520\" class=\"entry-thumb td-modal-image\" src=\"https:\/\/www.sidwaya.info\/wp-content\/uploads\/2020\/07\/sidedito.jpg\" srcset=\"https:\/\/www.sidwaya.info\/wp-content\/uploads\/2020\/07\/sidedito.jpg 418w, https:\/\/www.sidwaya.info\/wp-content\/uploads\/2020\/07\/sidedito-241x300.jpg 241w, https:\/\/www.sidwaya.info\/wp-content\/uploads\/2020\/07\/sidedito-338x420.jpg 338w\" sizes=\"auto, (max-width: 418px) 100vw, 418px\" alt=\"\" title=\"sidedito\"\/><\/a><\/div>\n<p>\u00c7a y est ! Comme il l\u2019avait lui-m\u00eame annonc\u00e9 en juin 2018 lors de son bilan de mi-mandat, c\u2019est sans surprise que le pr\u00e9sident du Faso, Roch Marc Christian Kabor\u00e9, a re\u00e7u l\u2019onction de sa famille politique, pour d\u00e9fendre les couleurs du Mouvement du peuple pour le progr\u00e8s (MPP) \u00e0 l\u2019\u00e9lection pr\u00e9sidentielle du 22 novembre 2020. Au cours de son congr\u00e8s d\u2019investiture, le samedi 11 juillet 2020, ses \u00abcamarades \u00bb ne se sont pas seulement mobilis\u00e9s derri\u00e8re lui, ils lui ont surtout promis \u00ab de le faire re\u00e9lire au premier tour avec un score au-del\u00e0 de 60 %, plus confortable qu\u2019en 2015 \u00bb. Cela, apr\u00e8s un premier mandat marqu\u00e9 par le terrorisme et une fronde sociale permanente. Cette adversit\u00e9 n\u2019a pas emp\u00each\u00e9 que de nombreux acquis soient engrang\u00e9s, notamment sur les plans social et \u00e9conomique. Nonobstant la situation socios\u00e9curitaire volatile et la multiplicit\u00e9 des candidatures au sein de l\u2019opposition politique (au moins 8 candidats d\u00e9clar\u00e9s \u00e0 quatre mois du premier tour), le vent est plut\u00f4t favorable au pr\u00e9sident-candidat, pr\u00e9sent\u00e9 comme le grand favori de l\u2019\u00e9lection. Sa candidature \u00e9tant soutenue par 70 formations et partis politiques membres de l\u2019Alliance des partis pour la majorit\u00e9 pr\u00e9sidentielle (APMP). Malgr\u00e9 un sondage en demi teinte du Centre pour la gouvernance d\u00e9mocratique (CGD) r\u00e9alis\u00e9 en juin 2020 et qui pointe, entre autres, un niveau d\u2019insatisfaction \u00e9lev\u00e9 en mati\u00e8re de gestion de la crise s\u00e9curitaire, priorit\u00e9 des priorit\u00e9s des Burkinab\u00e8 devant la sant\u00e9 et l\u2019\u00e9ducation, il conserve une certaine popularit\u00e9. Le pr\u00e9sident-candidat devra d\u00e9fendre son bilan, en assumant les acquis sociaux et \u00e9conomiques et en developpant de nouvelles id\u00e9es sur la base desquelles il pourrait s\u2019appuyer, pour conserver le pouvoir d\u2019Etat plus que jamais disput\u00e9. En effet, si son premier mandat difficile peut \u00eatre consid\u00e9r\u00e9 comme celui du rodage, le second si d\u2019aventure, il venait \u00e0 \u00eatre accord\u00e9, devrait \u00eatre celui de l\u2019incarnation d\u2019une vision de d\u00e9veloppement durable. Ce qui pourrait lui permettre de marquer d\u2019une empreinte ind\u00e9l\u00e9bile, l\u2019histoire. Le congr\u00e8s d\u2019investiture a d\u00e9clin\u00e9 les grandes lignes de cette vision \u00e0 impulser un d\u00e9veloppement socio\u00e9conomique voulu harmonieux, int\u00e9gral, continu, irr\u00e9versible et \u00e9quitable. Celle-ci sera consign\u00e9e dans le nouveau r\u00e9f\u00e9rentiel post Plan national de d\u00e9veloppement \u00e9conomique et social (PNDES). Au-del\u00e0 de l\u2019ins\u00e9curit\u00e9 et de la fronde sociale continue, le projet de soci\u00e9t\u00e9 de chaque pr\u00e9tendant \u00e0 la magistrature supr\u00eame sera scrut\u00e9 \u00e0 l\u2019aune des th\u00e8mes \u00e9mergents, tels que l\u2019exploitation mini\u00e8re, la r\u00e9conciliation nationale, le respect des droits humains, la lutte contre la corruption et la gestion du foncier. Roch Kabor\u00e9 devrait pouvoir donner des gages solides et apporter des solutions novatrices aux d\u00e9fis du moment.<\/p>\n<p>Par Mahamadi TIEGNA<\/p>\n<div class=\"td-a-rec td-a-rec-id-content_bottom tdi_30_b45 td_block_template_1\"><img loading=\"lazy\" decoding=\"async\" class=\"aligncenter size-full wp-image-22415\" src=\"https:\/\/www.sidwaya.info\/wp-content\/uploads\/2020\/05\/Bandeau-paiement-mobile-site.png\" alt=\"\" width=\"728\" height=\"90\"\/><\/div>\n<\/div>\n<footer>\n<div class=\"td-post-sharing-bottom\">\n<p><iframe frameborder=\"0\" src=\"https:\/\/www.facebook.com\/plugins\/like.php?href=https:\/\/www.sidwaya.info\/blog\/2020\/07\/12\/incarner-une-nouvelle-vision\/&amp;layout=button_count&amp;show_faces=false&amp;width=105&amp;action=like&amp;colorscheme=light&amp;height=21\" class=\"c1\">[embedded content]<\/iframe><\/p>\n<div id=\"td_social_sharing_article_bottom\" class=\"td-post-sharing td-ps-bg td-ps-padding td-post-sharing-style7\">\n<div class=\"td-post-sharing-visible\"><a class=\"td-social-sharing-button td-social-sharing-button-js td-social-network td-social-facebook\" href=\"https:\/\/www.facebook.com\/sharer.php?u=https%3A%2F%2Fwww.sidwaya.info%2Fblog%2F2020%2F07%2F12%2Fincarner-une-nouvelle-vision%2F\"\/><\/p>\n<p>Facebook<\/p>\n<p><a class=\"td-social-sharing-button td-social-sharing-button-js td-social-network td-social-twitter\" href=\"https:\/\/twitter.com\/intent\/tweet?text=Incarner+une+nouvelle+vision&amp;url=https%3A%2F%2Fwww.sidwaya.info%2Fblog%2F2020%2F07%2F12%2Fincarner-une-nouvelle-vision%2F&amp;via=Quotidien+Sidwaya\"\/><\/p>\n<p>Twitter<\/p>\n<p><a class=\"td-social-sharing-button td-social-sharing-button-js td-social-network td-social-pinterest\" href=\"https:\/\/pinterest.com\/pin\/create\/button\/?url=https:\/\/www.sidwaya.info\/blog\/2020\/07\/12\/incarner-une-nouvelle-vision\/&amp;media=https:\/\/www.sidwaya.info\/wp-content\/uploads\/2020\/07\/sidedito.jpg&amp;description=Incarner+une+nouvelle+vision\"\/><\/p>\n<p>Pinterest<\/p>\n<p><a class=\"td-social-sharing-button td-social-sharing-button-js td-social-network td-social-whatsapp\" href=\"whatsapp:\/\/send?text=Incarner+une+nouvelle+vision%20%0A%0A%20https:\/\/www.sidwaya.info\/blog\/2020\/07\/12\/incarner-une-nouvelle-vision\/\"\/><\/p>\n<p>WhatsApp<\/p>\n<p><a class=\"td-social-sharing-button td-social-sharing-button-js td-social-network td-social-linkedin\" href=\"https:\/\/www.linkedin.com\/shareArticle?mini=true&amp;url=https:\/\/www.sidwaya.info\/blog\/2020\/07\/12\/incarner-une-nouvelle-vision\/&amp;title=Incarner+une+nouvelle+vision\"\/><\/p>\n<p>Linkedin<\/p>\n<p><a class=\"td-social-sharing-button td-social-sharing-button-js td-social-network td-social-mail\" href=\"mailto:?subject=Incarner%20une%20nouvelle%20vision&amp;body=https:\/\/www.sidwaya.info\/blog\/2020\/07\/12\/incarner-une-nouvelle-vision\/\"\/><\/p>\n<p>Email<\/p>\n<p><a class=\"td-social-sharing-button td-social-sharing-button-js td-social-network td-social-print\" href=\"#\"\/><\/p>\n<p>Print<\/p>\n<p><a class=\"td-social-sharing-button td-social-sharing-button-js td-social-network td-social-tumblr\" href=\"https:\/\/www.tumblr.com\/share\/link?url=https:\/\/www.sidwaya.info\/blog\/2020\/07\/12\/incarner-une-nouvelle-vision\/&amp;name=Incarner%20une%20nouvelle%20vision\"\/><\/p>\n<p>Tumblr<\/p>\n<p><a class=\"td-social-sharing-button td-social-sharing-button-js td-social-network td-social-telegram\" href=\"https:\/\/telegram.me\/share\/url?url=https:\/\/www.sidwaya.info\/blog\/2020\/07\/12\/incarner-une-nouvelle-vision\/&amp;text=Incarner+une+nouvelle+vision\"\/><\/p>\n<p>Telegram<\/p>\n<p><a class=\"td-social-sharing-button td-social-sharing-button-js td-social-network td-social-viber\" href=\"viber:\/\/forward?text=Incarner+une+nouvelle+vision%20https:\/\/www.sidwaya.info\/blog\/2020\/07\/12\/incarner-une-nouvelle-vision\/\"\/><\/p>\n<p>Viber<\/p>\n<p><a class=\"td-social-sharing-button td-social-sharing-button-js td-social-network td-social-naver\" href=\"https:\/\/share.naver.com\/web\/shareView.nhn?url=https:\/\/www.sidwaya.info\/blog\/2020\/07\/12\/incarner-une-nouvelle-vision\/&amp;title=Incarner+une+nouvelle+vision\"\/><\/p>\n<p>Naver<\/p>\n<\/div>\n<\/div>\n<\/div>\n<div class=\"td-block-row td-post-next-prev\">\n<div class=\"td-block-span6 td-post-prev-post td-post-next-prev-content\"><span>Article pr\u00e9c\u00e9dent<\/span><a href=\"https:\/\/www.sidwaya.info\/blog\/2020\/07\/12\/quils-me-haissent-pourvu-quils-me-craignent-neron\/\">\u00ab Qu\u2019ils me ha\u00efssent ! Pourvu qu\u2019ils me craignent ! \u00bb (N\u00e9ron)<\/a><\/div>\n<\/div>\n<\/footer>\n<p>Auteur: BM. Sidwaya<br \/>\n<a href=\"https:\/\/www.sidwaya.info\/blog\/2020\/07\/12\/incarner-une-nouvelle-vision\/\">Cliquez ici pour lire l&rsquo;article depuis sa source.<\/a><\/p>\n","protected":false},"excerpt":{"rendered":"<p>Facebook Twitter Pinterest WhatsApp Linkedin Email Print Tumblr Telegram Viber Naver \u00c7a y est ! Comme il l\u2019avait lui-m\u00eame annonc\u00e9 en juin 2018 lors de son bilan de mi-mandat, c\u2019est sans surprise que le pr\u00e9sident du Faso, Roch Marc Christian Kabor\u00e9, a re\u00e7u l\u2019onction de sa famille politique, pour d\u00e9fendre les couleurs du Mouvement du [&hellip;]<\/p>\n","protected":false},"author":1816,"featured_media":92140,"comment_status":"closed","ping_status":"closed","sticky":false,"template":"","format":"standard","meta":{"fifu_image_url":"","fifu_image_alt":"","footnotes":""},"categories":[73,81],"tags":[],"class_list":["post-92139","post","type-post","status-publish","format-standard","has-post-thumbnail","hentry","category-actualite","category-burkina-faso"],"_links":{"self":[{"href":"https:\/\/linitiative.ca\/International\/wp-json\/wp\/v2\/posts\/92139","targetHints":{"allow":["GET"]}}],"collection":[{"href":"https:\/\/linitiative.ca\/International\/wp-json\/wp\/v2\/posts"}],"about":[{"href":"https:\/\/linitiative.ca\/International\/wp-json\/wp\/v2\/types\/post"}],"author":[{"embeddable":true,"href":"https:\/\/linitiative.ca\/International\/wp-json\/wp\/v2\/users\/1816"}],"replies":[{"embeddable":true,"href":"https:\/\/linitiative.ca\/International\/wp-json\/wp\/v2\/comments?post=92139"}],"version-history":[{"count":0,"href":"https:\/\/linitiative.ca\/International\/wp-json\/wp\/v2\/posts\/92139\/revisions"}],"wp:featuredmedia":[{"embeddable":true,"href":"https:\/\/linitiative.ca\/International\/wp-json\/"}],"wp:attachment":[{"href":"https:\/\/linitiative.ca\/International\/wp-json\/wp\/v2\/media?parent=92139"}],"wp:term":[{"taxonomy":"category","embeddable":true,"href":"https:\/\/linitiative.ca\/International\/wp-json\/wp\/v2\/categories?post=92139"},{"taxonomy":"post_tag","embeddable":true,"href":"https:\/\/linitiative.ca\/International\/wp-json\/wp\/v2\/tags?post=92139"}],"curies":[{"name":"wp","href":"https:\/\/api.w.org\/{rel}","templated":true}]}}