{"id":92142,"date":"2020-07-12T04:31:35","date_gmt":"2020-07-12T08:31:35","guid":{"rendered":"https:\/\/linitiative.ca\/International\/cameroun-15-173-cas-confirmes-de-covid-19-contre-11-928-gueris\/"},"modified":"2020-07-12T04:31:35","modified_gmt":"2020-07-12T08:31:35","slug":"cameroun-15-173-cas-confirmes-de-covid-19-contre-11-928-gueris","status":"publish","type":"post","link":"https:\/\/linitiative.ca\/International\/cameroun-15-173-cas-confirmes-de-covid-19-contre-11-928-gueris\/","title":{"rendered":"Cameroun : 15 173 cas confirm\u00e9s de Covid-19 contre 11 928 gu\u00e9ris"},"content":{"rendered":"<div readability=\"32\">\n<p>Publi\u00e9 le 12.07.2020 \u00e0 09h31 par Christian Djimadeu<\/p>\n<\/div>\n<div readability=\"52\">\n<h2 class=\"c6\">Ce sont les chiffres communiqu\u00e9s par le minist\u00e8re de la Sant\u00e9 publique, \u00e0 l\u2019issue de la r\u00e9union interminist\u00e9rielle avec Premier ministre tenue le 10 juillet dernier \u00e0 Yaound\u00e9.<\/h2>\n<p class=\"c7\">Le nombre d\u2019infections continue de grimper. Le Cameroun compte plus de 15 000 cas positifs de Covid-19.<\/p>\n<p class=\"c7\">Plus pr\u00e9cis\u00e9ment 15 173 cas confirm\u00e9s contre 11 928 gu\u00e9ris. Des chiffres communiqu\u00e9s par le minist\u00e8re de la Sant\u00e9 publique (Minsant\u00e9) le 10 juillet dernier.<\/p>\n<p class=\"c7\">Le Minsant\u00e9 qui poursuit la sensibilisation sur la n\u00e9cessit\u00e9 de respecter les mesures barri\u00e8res. Au moment o\u00f9 la quasi-totalit\u00e9 des citoyens ont fait tomber les masques.<\/p>\n<p class=\"c7\">Les rassemblements de plus de 50 personnes \u2013 pourtant interdits \u2013 s\u2019observent dans les r\u00e9unions, les d\u00e9bits de boisson, les c\u00e9r\u00e9monies mortuaires et festives etc.<\/p>\n<p class=\"c7\">Alors m\u00eame que le Covid-19 cause toujours la mort. Plus de 350 personnes disparues. Le 10 juillet dernier, le journal \u00c9chos Sant\u00e9 annon\u00e7ait par exemple le d\u00e9c\u00e8s de la directrice de l\u2019h\u00f4pital de district de la Cit\u00e9 Verte situ\u00e9 dans l\u2019arrondissement de Yaound\u00e9 II.<\/p>\n<p class=\"c7\">Le Docteur Anastasie Akamba a \u00e9t\u00e9 emport\u00e9e par la pand\u00e9mie de Coronavirus vendredi apr\u00e8s quelques jours de d\u00e9tresse respiratoire..<\/p>\n<p class=\"c7\">\u00a0<\/p>\n<\/div>\n<p>Auteur: Christian DJIMADEU<br \/>\n<a href=\"https:\/\/www.journalducameroun.com\/370364-2-cameroun\/\">Cliquez ici pour lire l&rsquo;article depuis sa source.<\/a><\/p>\n","protected":false},"excerpt":{"rendered":"<p>Publi\u00e9 le 12.07.2020 \u00e0 09h31 par Christian Djimadeu Ce sont les chiffres communiqu\u00e9s par le minist\u00e8re de la Sant\u00e9 publique, \u00e0 l\u2019issue de la r\u00e9union interminist\u00e9rielle avec Premier ministre tenue le 10 juillet dernier \u00e0 Yaound\u00e9. Le nombre d\u2019infections continue de grimper. Le Cameroun compte plus de 15 000 cas positifs de Covid-19. Plus pr\u00e9cis\u00e9ment [&hellip;]<\/p>\n","protected":false},"author":1965,"featured_media":0,"comment_status":"closed","ping_status":"closed","sticky":false,"template":"","format":"standard","meta":{"fifu_image_url":"","fifu_image_alt":"","footnotes":""},"categories":[73,82],"tags":[],"class_list":["post-92142","post","type-post","status-publish","format-standard","hentry","category-actualite","category-cameroun"],"_links":{"self":[{"href":"https:\/\/linitiative.ca\/International\/wp-json\/wp\/v2\/posts\/92142","targetHints":{"allow":["GET"]}}],"collection":[{"href":"https:\/\/linitiative.ca\/International\/wp-json\/wp\/v2\/posts"}],"about":[{"href":"https:\/\/linitiative.ca\/International\/wp-json\/wp\/v2\/types\/post"}],"author":[{"embeddable":true,"href":"https:\/\/linitiative.ca\/International\/wp-json\/wp\/v2\/users\/1965"}],"replies":[{"embeddable":true,"href":"https:\/\/linitiative.ca\/International\/wp-json\/wp\/v2\/comments?post=92142"}],"version-history":[{"count":0,"href":"https:\/\/linitiative.ca\/International\/wp-json\/wp\/v2\/posts\/92142\/revisions"}],"wp:attachment":[{"href":"https:\/\/linitiative.ca\/International\/wp-json\/wp\/v2\/media?parent=92142"}],"wp:term":[{"taxonomy":"category","embeddable":true,"href":"https:\/\/linitiative.ca\/International\/wp-json\/wp\/v2\/categories?post=92142"},{"taxonomy":"post_tag","embeddable":true,"href":"https:\/\/linitiative.ca\/International\/wp-json\/wp\/v2\/tags?post=92142"}],"curies":[{"name":"wp","href":"https:\/\/api.w.org\/{rel}","templated":true}]}}