{"id":92143,"date":"2020-07-12T08:18:04","date_gmt":"2020-07-12T12:18:04","guid":{"rendered":"https:\/\/linitiative.ca\/International\/la-bei-debourse-un-financement-de-200-millions-deuros-au-maroc-pour-faire-face-a-la-covid-19\/"},"modified":"2020-07-12T08:18:04","modified_gmt":"2020-07-12T12:18:04","slug":"la-bei-debourse-un-financement-de-200-millions-deuros-au-maroc-pour-faire-face-a-la-covid-19","status":"publish","type":"post","link":"https:\/\/linitiative.ca\/International\/la-bei-debourse-un-financement-de-200-millions-deuros-au-maroc-pour-faire-face-a-la-covid-19\/","title":{"rendered":"La BEI d\u00e9bourse un financement de 200 millions d\u2019euros au Maroc pour faire face \u00e0 la Covid-19"},"content":{"rendered":"<div readability=\"32\">\n<p>Publi\u00e9 le 12.07.2020 \u00e0 13h18 par APA News<\/p>\n<\/div>\n<div readability=\"51\">\n<p>La Banque europ\u00e9enne d\u2019investissement (BEI) vient d\u2019accorder un financement de 200 millions d\u2019euros pour faire face \u00e0 la pand\u00e9mie de la Covid-19, rapporte le quotidien +Le Matin+.Ce pr\u00eat est destin\u00e9 \u00e0 couvrir certains co\u00fbts li\u00e9s \u00e0 la lutte contre le coronavirus, \u00a0notamment l\u2019acquisition des m\u00e9dicaments, du mat\u00e9riel m\u00e9dical n\u00e9cessaire et le renforcement des infrastructures sanitaires, pr\u00e9cise la publication.<\/p>\n<p>Ce financement soutient aussi le plan marocain de veille et de riposte contre le coronavirus.<\/p>\n<p>Les efforts du Maroc pour juguler la propagation de la Covid-19 a \u00e9t\u00e9 salu\u00e9e par la communaut\u00e9 internationale du fait des mesures prises par le Royaume depuis l\u2019apparition du premier cas le 2 mars dernier.<\/p>\n<p>A ce jour, le Maroc enregistre 15.635 cas confirm\u00e9s, dont 247 d\u00e9c\u00e8s et 12.212 patients gu\u00e9ris de la maladie, selon les donn\u00e9es fournies par le minist\u00e8re de la sant\u00e9.<\/p>\n<\/div>\n<p>Auteur: APA News<br \/>\n<a href=\"https:\/\/www.journalducameroun.com\/la-bei-debourse-un-financement-de-200-millions-deuros-au-maroc-pour-faire-face-a-la-covid-19\/\">Cliquez ici pour lire l&rsquo;article depuis sa source.<\/a><\/p>\n","protected":false},"excerpt":{"rendered":"<p>Publi\u00e9 le 12.07.2020 \u00e0 13h18 par APA News La Banque europ\u00e9enne d\u2019investissement (BEI) vient d\u2019accorder un financement de 200 millions d\u2019euros pour faire face \u00e0 la pand\u00e9mie de la Covid-19, rapporte le quotidien +Le Matin+.Ce pr\u00eat est destin\u00e9 \u00e0 couvrir certains co\u00fbts li\u00e9s \u00e0 la lutte contre le coronavirus, \u00a0notamment l\u2019acquisition des m\u00e9dicaments, du mat\u00e9riel [&hellip;]<\/p>\n","protected":false},"author":1965,"featured_media":0,"comment_status":"closed","ping_status":"closed","sticky":false,"template":"","format":"standard","meta":{"fifu_image_url":"","fifu_image_alt":"","footnotes":""},"categories":[73,82],"tags":[],"class_list":["post-92143","post","type-post","status-publish","format-standard","hentry","category-actualite","category-cameroun"],"_links":{"self":[{"href":"https:\/\/linitiative.ca\/International\/wp-json\/wp\/v2\/posts\/92143","targetHints":{"allow":["GET"]}}],"collection":[{"href":"https:\/\/linitiative.ca\/International\/wp-json\/wp\/v2\/posts"}],"about":[{"href":"https:\/\/linitiative.ca\/International\/wp-json\/wp\/v2\/types\/post"}],"author":[{"embeddable":true,"href":"https:\/\/linitiative.ca\/International\/wp-json\/wp\/v2\/users\/1965"}],"replies":[{"embeddable":true,"href":"https:\/\/linitiative.ca\/International\/wp-json\/wp\/v2\/comments?post=92143"}],"version-history":[{"count":0,"href":"https:\/\/linitiative.ca\/International\/wp-json\/wp\/v2\/posts\/92143\/revisions"}],"wp:attachment":[{"href":"https:\/\/linitiative.ca\/International\/wp-json\/wp\/v2\/media?parent=92143"}],"wp:term":[{"taxonomy":"category","embeddable":true,"href":"https:\/\/linitiative.ca\/International\/wp-json\/wp\/v2\/categories?post=92143"},{"taxonomy":"post_tag","embeddable":true,"href":"https:\/\/linitiative.ca\/International\/wp-json\/wp\/v2\/tags?post=92143"}],"curies":[{"name":"wp","href":"https:\/\/api.w.org\/{rel}","templated":true}]}}