{"id":92145,"date":"2020-07-12T12:10:51","date_gmt":"2020-07-12T16:10:51","guid":{"rendered":"https:\/\/linitiative.ca\/International\/cameroun-tests-obligatoires-de-covid-19-pour-les-passagers-des-vols-en-provenance-de-letranger\/"},"modified":"2020-07-12T12:10:51","modified_gmt":"2020-07-12T16:10:51","slug":"cameroun-tests-obligatoires-de-covid-19-pour-les-passagers-des-vols-en-provenance-de-letranger","status":"publish","type":"post","link":"https:\/\/linitiative.ca\/International\/cameroun-tests-obligatoires-de-covid-19-pour-les-passagers-des-vols-en-provenance-de-letranger\/","title":{"rendered":"Cameroun :  tests obligatoires de Covid-19 pour les passagers des vols en provenance de l\u2019\u00e9tranger"},"content":{"rendered":"<div readability=\"32\">\n<p>Publi\u00e9 le 12.07.2020 \u00e0 17h10 par Christian Djimadeu<\/p>\n<\/div>\n<div readability=\"49\">\n<h2 class=\"c6\">Le ministre de la Sant\u00e9 publique\u00a0 le r\u00e9it\u00e9re via un publication sur son compte Twitter ce 12 juillet.\u00a0<\/h2>\n<p class=\"c7\">Le Dr Manaouda Malachie \u00e9crit : \u2039\u2039 <em>Vols \u00e0 destination du Cameroun: Test PCR n\u00e9gatif au COVID-19 datant de moins de trois (03) jours obligatoire pour tous les passagers \u00e0 l\u2019embarquement. Les passagers qui ne se conforment pas \u00e0 cette mesure ne pourront pas \u00eatre embarqu\u00e9s par ces compagnies a\u00e9riennes.<\/em> \u203a\u203a<\/p>\n<p class=\"c7\">La sortie du ministre intervient au moment o\u00f9 des informations font \u00e9tat nombreuses tentatives de violation des consignes prescrites. Certains passagers voulant se rendre au Cameroun par les compagnies autoris\u00e9es \u00e0 effectuer des vols commerciaux, voudraient embarquer sans pr\u00e9senter le r\u00e9sultat de leurs tests de Covid-19.\u00a0<\/p>\n<p class=\"c7\">Rappelons qu\u2019\u00e0 ce jour, deux compagnies sont autoris\u00e9es \u00e0 effectuer des vols commerciaux en direction du Cameroun. Il s\u2019agit d\u2019Air France et Bruxelles Airlines.\u00a0<\/p>\n<p class=\"c7\">Pour l\u2019instant, le ciel camerounais reste ferm\u00e9 aux autres. Dans le cadre des mesures gouvernementales\u00a0 de riposte contre la pand\u00e9mie du Covid-19 prises le 17 mars 2020.\u00a0<\/p>\n<\/div>\n<p>Auteur: Christian DJIMADEU<br \/>\n<a href=\"https:\/\/www.journalducameroun.com\/cameroun-tests-obligatoires-de-covid-19-pour-les-passagers-des-vols-en-provenance-de-letranger\/\">Cliquez ici pour lire l&rsquo;article depuis sa source.<\/a><\/p>\n","protected":false},"excerpt":{"rendered":"<p>Publi\u00e9 le 12.07.2020 \u00e0 17h10 par Christian Djimadeu Le ministre de la Sant\u00e9 publique\u00a0 le r\u00e9it\u00e9re via un publication sur son compte Twitter ce 12 juillet.\u00a0 Le Dr Manaouda Malachie \u00e9crit : \u2039\u2039 Vols \u00e0 destination du Cameroun: Test PCR n\u00e9gatif au COVID-19 datant de moins de trois (03) jours obligatoire pour tous les passagers [&hellip;]<\/p>\n","protected":false},"author":1965,"featured_media":0,"comment_status":"closed","ping_status":"closed","sticky":false,"template":"","format":"standard","meta":{"fifu_image_url":"","fifu_image_alt":"","footnotes":""},"categories":[73,82],"tags":[],"class_list":["post-92145","post","type-post","status-publish","format-standard","hentry","category-actualite","category-cameroun"],"_links":{"self":[{"href":"https:\/\/linitiative.ca\/International\/wp-json\/wp\/v2\/posts\/92145","targetHints":{"allow":["GET"]}}],"collection":[{"href":"https:\/\/linitiative.ca\/International\/wp-json\/wp\/v2\/posts"}],"about":[{"href":"https:\/\/linitiative.ca\/International\/wp-json\/wp\/v2\/types\/post"}],"author":[{"embeddable":true,"href":"https:\/\/linitiative.ca\/International\/wp-json\/wp\/v2\/users\/1965"}],"replies":[{"embeddable":true,"href":"https:\/\/linitiative.ca\/International\/wp-json\/wp\/v2\/comments?post=92145"}],"version-history":[{"count":0,"href":"https:\/\/linitiative.ca\/International\/wp-json\/wp\/v2\/posts\/92145\/revisions"}],"wp:attachment":[{"href":"https:\/\/linitiative.ca\/International\/wp-json\/wp\/v2\/media?parent=92145"}],"wp:term":[{"taxonomy":"category","embeddable":true,"href":"https:\/\/linitiative.ca\/International\/wp-json\/wp\/v2\/categories?post=92145"},{"taxonomy":"post_tag","embeddable":true,"href":"https:\/\/linitiative.ca\/International\/wp-json\/wp\/v2\/tags?post=92145"}],"curies":[{"name":"wp","href":"https:\/\/api.w.org\/{rel}","templated":true}]}}