{"id":92155,"date":"2020-07-13T10:29:12","date_gmt":"2020-07-13T14:29:12","guid":{"rendered":"https:\/\/linitiative.ca\/International\/casablanca-10-ans-de-prison-pour-avoir-tue-son-ami\/"},"modified":"2020-07-13T10:29:12","modified_gmt":"2020-07-13T14:29:12","slug":"casablanca-10-ans-de-prison-pour-avoir-tue-son-ami","status":"publish","type":"post","link":"https:\/\/linitiative.ca\/International\/casablanca-10-ans-de-prison-pour-avoir-tue-son-ami\/","title":{"rendered":"Casablanca : 10 ans de prison  pour avoir tu\u00e9 son ami"},"content":{"rendered":"<header>\n<\/header>\n<div class=\"entry-content clearfix\" readability=\"67\"><img decoding=\"async\" class=\"post_layout_5_img\" src=\"http:\/\/aujourdhui.ma\/wp-content\/uploads\/2020\/07\/Casablanca-10-ans-de-prison-pour-avoir-tu\u00e9-son-ami.jpg\" alt=\"Casablanca : 10 ans de prison pour avoir tu&#xE9; son ami\"\/><\/p>\n<p><span class=\"c5\"><strong>Nous sommes \u00e0 la chambre criminelle pr\u00e8s la Cour d\u2019appel de Casablanca.<\/strong><\/span><span id=\"more-350431\"\/><\/p>\n<p>Au box des accus\u00e9s se tient un jeune homme, vingt-sept ans, c\u00e9libataire et sans profession. Poursuivi pour coups et blessures ayant entra\u00een\u00e9 la mort sans l\u2019intention de la donner, il avoue son crime. \u00abIl \u00e9tait mon ami et je n\u2019avais pas l\u2019intention de le tuer\u00bb, pr\u00e9cise-t-il devant la Cour tout en expliquant qu\u2019ils s\u2019enivraient quand un malentendu a \u00e9clat\u00e9 entre eux. Et la soir\u00e9e bien arros\u00e9e s\u2019est transform\u00e9e en drame.<\/p>\n<p>Ce soir-l\u00e0, tous les deux, la victime et le meurtrier, ach\u00e8tent quelques bi\u00e8res pour se so\u00fbler dans un coin du quartier. Au fil des verres, la victime, \u00e2g\u00e9e de vingt-deux ans, confie au mis en cause que sa s\u0153ur entretient une relation amoureuse avec un jeune homme qui demeure au m\u00eame quartier qu\u2019eux, que tout le monde en est au courant au quartier et en parle. Se sentant touch\u00e9 dans son honneur, le mis en cause commence \u00e0 insulter la victime. Celui-ci saisit alors une bouteille et ass\u00e8ne un coup \u00e0 son ami. Celui-ci lui riposte par un coup de poing avant de le pousser violemment. La victime se renverse par terre.<\/p>\n<p>Le sang coule de sa t\u00eate. Alert\u00e9s, les \u00e9l\u00e9ments de la protection civile se d\u00e9p\u00eachent sur les lieux pour \u00e9vacuer la victime vers le service des urgences \u00e0 l\u2019h\u00f4pital. Son ami est arr\u00eat\u00e9. Deux jours plus tard, la victime passe de vie \u00e0 tr\u00e9pas. Soumis aux interrogatoires, le mis en cause a reconnu son acte criminel. Devant la Cour, il a m\u00eame exprim\u00e9 son regret d\u2019avoir caus\u00e9 la mort de son ami.<\/p>\n<p>Apr\u00e8s les d\u00e9lib\u00e9rations, la Cour l\u2019a jug\u00e9 coupable et l\u2019a condamn\u00e9 \u00e0 dix ans de r\u00e9clusion criminelle.<\/p>\n<\/div>\n<p>Auteur: Abderrafii ALOUMLIKI<br \/>\n<a href=\"https:\/\/aujourdhui.ma\/faits-divers\/casablanca-10-ans-de-prison-pour-avoir-tue-son-ami\">Cliquez ici pour lire l&rsquo;article depuis sa source.<\/a><\/p>\n","protected":false},"excerpt":{"rendered":"<p>Nous sommes \u00e0 la chambre criminelle pr\u00e8s la Cour d\u2019appel de Casablanca. Au box des accus\u00e9s se tient un jeune homme, vingt-sept ans, c\u00e9libataire et sans profession. Poursuivi pour coups et blessures ayant entra\u00een\u00e9 la mort sans l\u2019intention de la donner, il avoue son crime. \u00abIl \u00e9tait mon ami et je n\u2019avais pas l\u2019intention de [&hellip;]<\/p>\n","protected":false},"author":1759,"featured_media":92156,"comment_status":"closed","ping_status":"closed","sticky":false,"template":"","format":"standard","meta":{"fifu_image_url":"","fifu_image_alt":"","footnotes":""},"categories":[73,54],"tags":[],"class_list":["post-92155","post","type-post","status-publish","format-standard","has-post-thumbnail","hentry","category-actualite","category-maroc"],"_links":{"self":[{"href":"https:\/\/linitiative.ca\/International\/wp-json\/wp\/v2\/posts\/92155","targetHints":{"allow":["GET"]}}],"collection":[{"href":"https:\/\/linitiative.ca\/International\/wp-json\/wp\/v2\/posts"}],"about":[{"href":"https:\/\/linitiative.ca\/International\/wp-json\/wp\/v2\/types\/post"}],"author":[{"embeddable":true,"href":"https:\/\/linitiative.ca\/International\/wp-json\/wp\/v2\/users\/1759"}],"replies":[{"embeddable":true,"href":"https:\/\/linitiative.ca\/International\/wp-json\/wp\/v2\/comments?post=92155"}],"version-history":[{"count":0,"href":"https:\/\/linitiative.ca\/International\/wp-json\/wp\/v2\/posts\/92155\/revisions"}],"wp:featuredmedia":[{"embeddable":true,"href":"https:\/\/linitiative.ca\/International\/wp-json\/"}],"wp:attachment":[{"href":"https:\/\/linitiative.ca\/International\/wp-json\/wp\/v2\/media?parent=92155"}],"wp:term":[{"taxonomy":"category","embeddable":true,"href":"https:\/\/linitiative.ca\/International\/wp-json\/wp\/v2\/categories?post=92155"},{"taxonomy":"post_tag","embeddable":true,"href":"https:\/\/linitiative.ca\/International\/wp-json\/wp\/v2\/tags?post=92155"}],"curies":[{"name":"wp","href":"https:\/\/api.w.org\/{rel}","templated":true}]}}