{"id":92157,"date":"2020-07-13T10:42:17","date_gmt":"2020-07-13T14:42:17","guid":{"rendered":"https:\/\/linitiative.ca\/International\/fermeture-de-laeroport-ibn-battouta-aucune-decision-prise-pour-le-moment\/"},"modified":"2020-07-13T10:42:17","modified_gmt":"2020-07-13T14:42:17","slug":"fermeture-de-laeroport-ibn-battouta-aucune-decision-prise-pour-le-moment","status":"publish","type":"post","link":"https:\/\/linitiative.ca\/International\/fermeture-de-laeroport-ibn-battouta-aucune-decision-prise-pour-le-moment\/","title":{"rendered":"Fermeture de l\u2019A\u00e9roport Ibn Battouta : Aucune d\u00e9cision prise pour le moment"},"content":{"rendered":"<header>\n<\/header>\n<div class=\"entry-content clearfix\" readability=\"45\"><img decoding=\"async\" class=\"post_layout_5_img\" src=\"http:\/\/aujourdhui.ma\/wp-content\/uploads\/2018\/01\/aeroport-ibn-battouta.jpg\" alt=\"Fermeture de l&#x2019;A&#xE9;roport Ibn Battouta : Aucune d&#xE9;cision prise pour le moment\"\/><\/p>\n<p><strong>Apr\u00e8s durcissement des restrictions de pr\u00e9caution et des mesures pr\u00e9ventives en son sein, Tanger coupe officiellement les ponts avec les autres villes du Royaume.<\/strong><span id=\"more-350444\"\/><\/p>\n<p>L\u2019Int\u00e9rieur a annonc\u00e9 , \u00e0 cet effet, la suspension des services du transport public, routier et ferroviaire au moment o\u00f9 aucun d\u00e9tail n\u2019a filtr\u00e9 concernant l\u2019a\u00e9rien sachant que le Maroc s\u2019appr\u00eate \u00e0 ouvrir partiellement ses fronti\u00e8res a\u00e9riennes \u00e0 partir du 15 juillet.\u00a0 Contact\u00e9e par ALM, une source bien inform\u00e9e au niveau de l\u2019Office nationale des a\u00e9roports (ONDA) nous pr\u00e9cise, qu\u2019\u00e0 l\u2019heure o\u00f9 nous mettions sous presse, aucune d\u00e9cision n\u2019a \u00e9t\u00e9 prise du fait qu\u2019aucun vol n\u2019est programm\u00e9 pour le moment au niveau de l\u2019a\u00e9roport Ibn Battouta de Tanger et que la d\u00e9cision de l\u2019Int\u00e9rieur ne concerne pour l\u2019instant que le transport routier et ferroviaire.<\/p>\n<\/div>\n<p>Auteur: ALM<br \/>\n<a href=\"https:\/\/aujourdhui.ma\/actualite\/fermeture-de-laeroport-ibn-battouta-aucune-decision-prise-pour-le-moment\">Cliquez ici pour lire l&rsquo;article depuis sa source.<\/a><\/p>\n","protected":false},"excerpt":{"rendered":"<p>Apr\u00e8s durcissement des restrictions de pr\u00e9caution et des mesures pr\u00e9ventives en son sein, Tanger coupe officiellement les ponts avec les autres villes du Royaume. L\u2019Int\u00e9rieur a annonc\u00e9 , \u00e0 cet effet, la suspension des services du transport public, routier et ferroviaire au moment o\u00f9 aucun d\u00e9tail n\u2019a filtr\u00e9 concernant l\u2019a\u00e9rien sachant que le Maroc s\u2019appr\u00eate [&hellip;]<\/p>\n","protected":false},"author":1759,"featured_media":92158,"comment_status":"closed","ping_status":"closed","sticky":false,"template":"","format":"standard","meta":{"fifu_image_url":"","fifu_image_alt":"","footnotes":""},"categories":[73,54],"tags":[],"class_list":["post-92157","post","type-post","status-publish","format-standard","has-post-thumbnail","hentry","category-actualite","category-maroc"],"_links":{"self":[{"href":"https:\/\/linitiative.ca\/International\/wp-json\/wp\/v2\/posts\/92157","targetHints":{"allow":["GET"]}}],"collection":[{"href":"https:\/\/linitiative.ca\/International\/wp-json\/wp\/v2\/posts"}],"about":[{"href":"https:\/\/linitiative.ca\/International\/wp-json\/wp\/v2\/types\/post"}],"author":[{"embeddable":true,"href":"https:\/\/linitiative.ca\/International\/wp-json\/wp\/v2\/users\/1759"}],"replies":[{"embeddable":true,"href":"https:\/\/linitiative.ca\/International\/wp-json\/wp\/v2\/comments?post=92157"}],"version-history":[{"count":0,"href":"https:\/\/linitiative.ca\/International\/wp-json\/wp\/v2\/posts\/92157\/revisions"}],"wp:featuredmedia":[{"embeddable":true,"href":"https:\/\/linitiative.ca\/International\/wp-json\/"}],"wp:attachment":[{"href":"https:\/\/linitiative.ca\/International\/wp-json\/wp\/v2\/media?parent=92157"}],"wp:term":[{"taxonomy":"category","embeddable":true,"href":"https:\/\/linitiative.ca\/International\/wp-json\/wp\/v2\/categories?post=92157"},{"taxonomy":"post_tag","embeddable":true,"href":"https:\/\/linitiative.ca\/International\/wp-json\/wp\/v2\/tags?post=92157"}],"curies":[{"name":"wp","href":"https:\/\/api.w.org\/{rel}","templated":true}]}}