{"id":92159,"date":"2020-07-13T10:45:39","date_gmt":"2020-07-13T14:45:39","guid":{"rendered":"https:\/\/linitiative.ca\/International\/azilal-il-tue-son-beau-pere-a-coup-de-pierre\/"},"modified":"2020-07-13T10:45:39","modified_gmt":"2020-07-13T14:45:39","slug":"azilal-il-tue-son-beau-pere-a-coup-de-pierre","status":"publish","type":"post","link":"https:\/\/linitiative.ca\/International\/azilal-il-tue-son-beau-pere-a-coup-de-pierre\/","title":{"rendered":"Azilal : Il tue son beau-p\u00e8re \u00e0 coup  de pierre"},"content":{"rendered":"<header>\n<\/header>\n<div class=\"entry-content clearfix\" readability=\"52\"><img decoding=\"async\" class=\"post_layout_5_img\" src=\"http:\/\/aujourdhui.ma\/wp-content\/uploads\/2016\/03\/Tueur-Crime-Couteau.jpg\" alt=\"Azilal : Il tue son beau-p&#xE8;re &#xE0; coup de pierre\"\/><\/p>\n<p><strong>A la commune rurale Tagleft relevant de la province d\u2019Azilal, un p\u00e8re de famille a mis fin \u00e0 la vie de son beau-p\u00e8re, jeudi dernier, en lui ass\u00e9nant un coup de pierre au niveau de la t\u00eate.<\/strong> <span id=\"more-350434\"\/><br \/>Ce p\u00e8re de famille s\u2019acharnait sur son \u00e9pouse. Ne supportant plus d\u2019\u00eatre \u00e0 chaque fois battue, cette derni\u00e8re a fini par quitter, en compagnie de ses enfants, le foyer conjugal pour rejoindre sa famille et recourir au tribunal de la famille pour r\u00e9clamer le divorce. Tentant de trouver une solution pour que sa femme retire sa demande, il s\u2019est rendu, le soir du jeudi 9 juillet, chez son beau-p\u00e8re, un agent d\u2019autorit\u00e9 \u00e2g\u00e9 de cinquante-deux ans et p\u00e8re de huit enfants. Malheureusement les choses ont mal tourn\u00e9. Au lieu d\u2019avoir une discussion sereine, le beau-fils et son beau-p\u00e8re se sont rejet\u00e9 les accusations puis \u00e9chang\u00e9 les injures. Emport\u00e9 par la col\u00e8re, le beau-fils saisit une pierre, donne un coup violent \u00e0 la t\u00eate de son beau-p\u00e8re.<\/p>\n<p>Perdant connaissance, il ne tarde pas \u00e0 rendre l\u2019\u00e2me. Quant au beau-fils il avait d\u00e9j\u00e0 pris ses jambes \u00e0 son cou.<\/p>\n<\/div>\n<p>Auteur: Abderrafii ALOUMLIKI<br \/>\n<a href=\"https:\/\/aujourdhui.ma\/faits-divers\/azilal-il-tue-son-beau-pere-a-coup-de-pierre\">Cliquez ici pour lire l&rsquo;article depuis sa source.<\/a><\/p>\n","protected":false},"excerpt":{"rendered":"<p>A la commune rurale Tagleft relevant de la province d\u2019Azilal, un p\u00e8re de famille a mis fin \u00e0 la vie de son beau-p\u00e8re, jeudi dernier, en lui ass\u00e9nant un coup de pierre au niveau de la t\u00eate. Ce p\u00e8re de famille s\u2019acharnait sur son \u00e9pouse. Ne supportant plus d\u2019\u00eatre \u00e0 chaque fois battue, cette derni\u00e8re [&hellip;]<\/p>\n","protected":false},"author":1759,"featured_media":92160,"comment_status":"closed","ping_status":"closed","sticky":false,"template":"","format":"standard","meta":{"fifu_image_url":"","fifu_image_alt":"","footnotes":""},"categories":[73,54],"tags":[],"class_list":["post-92159","post","type-post","status-publish","format-standard","has-post-thumbnail","hentry","category-actualite","category-maroc"],"_links":{"self":[{"href":"https:\/\/linitiative.ca\/International\/wp-json\/wp\/v2\/posts\/92159","targetHints":{"allow":["GET"]}}],"collection":[{"href":"https:\/\/linitiative.ca\/International\/wp-json\/wp\/v2\/posts"}],"about":[{"href":"https:\/\/linitiative.ca\/International\/wp-json\/wp\/v2\/types\/post"}],"author":[{"embeddable":true,"href":"https:\/\/linitiative.ca\/International\/wp-json\/wp\/v2\/users\/1759"}],"replies":[{"embeddable":true,"href":"https:\/\/linitiative.ca\/International\/wp-json\/wp\/v2\/comments?post=92159"}],"version-history":[{"count":0,"href":"https:\/\/linitiative.ca\/International\/wp-json\/wp\/v2\/posts\/92159\/revisions"}],"wp:featuredmedia":[{"embeddable":true,"href":"https:\/\/linitiative.ca\/International\/wp-json\/"}],"wp:attachment":[{"href":"https:\/\/linitiative.ca\/International\/wp-json\/wp\/v2\/media?parent=92159"}],"wp:term":[{"taxonomy":"category","embeddable":true,"href":"https:\/\/linitiative.ca\/International\/wp-json\/wp\/v2\/categories?post=92159"},{"taxonomy":"post_tag","embeddable":true,"href":"https:\/\/linitiative.ca\/International\/wp-json\/wp\/v2\/tags?post=92159"}],"curies":[{"name":"wp","href":"https:\/\/api.w.org\/{rel}","templated":true}]}}