{"id":92164,"date":"2020-07-13T11:09:50","date_gmt":"2020-07-13T15:09:50","guid":{"rendered":"https:\/\/linitiative.ca\/International\/%ef%bb%bfreouverture-des-mosquees-prevue-ce-mercredi\/"},"modified":"2020-07-13T11:09:50","modified_gmt":"2020-07-13T15:09:50","slug":"%ef%bb%bfreouverture-des-mosquees-prevue-ce-mercredi","status":"publish","type":"post","link":"https:\/\/linitiative.ca\/International\/%ef%bb%bfreouverture-des-mosquees-prevue-ce-mercredi\/","title":{"rendered":"\ufeffR\u00e9ouverture des Mosqu\u00e9es pr\u00e9vue ce mercredi"},"content":{"rendered":"<p class=\"has-text-color has-vivid-red-color c2\"><strong>Des mesures de s\u00e9curit\u00e9 tr\u00e8s strictes<\/strong><\/p>\n<p class=\"c3\"><strong>Karim Ben Amar<\/strong><\/p>\n<p class=\"has-text-color c4\"><strong>Un protocole sanitaire \u00e9manant du minist\u00e8re des Habous et des affaires islamiques accompagnera\u00a0 l\u2019ouverture progressive des mosqu\u00e9es au Maroc. Des r\u00e8gles tr\u00e8s strictes ont \u00e9t\u00e9 mises en place par le d\u00e9partement d\u2019Ahmed Taoufik. Ces pr\u00e9cautions ont pour vis\u00e9e d\u2019\u00e9viter toute nouvelle propagation de la Covid-19.<\/strong><\/p>\n<p>Le document officiel du minist\u00e8re des Habous et des affaires islamiques a affirm\u00e9 que les lieux de cultes seront ouverts 15 minutes avant le temps de la pri\u00e8re. Les fid\u00e8les devront n\u00e9anmoins quitter la mosqu\u00e9e juste apr\u00e8s l\u2019accomplissement de la pri\u00e8re. Concernant la pri\u00e8re du vendredi, les mosqu\u00e9es ouvriront \u00a0uniquement \u00e0 l\u2019heure du Sobh, puis \u00e0 partir de celle de Al Asr, jusqu\u2019\u00e0 la derni\u00e8re pri\u00e8re du jour, Al Ichaa.<\/p>\n<p>Le protocole sanitaire du minist\u00e8re charg\u00e9 de r\u00e9gir le culte musulman cite de nombreuses r\u00e8gles \u00e0 adopter imp\u00e9rativement afin d\u2019\u00e9viter une \u00e9ventuelle propagation du nouveau coronavirus\u00a0covid-19:<\/p>\n<p>Respecter la distanciation sociale, mettre en place des passages pour faciliter la sortie des mosqu\u00e9es apr\u00e8s l\u2019accomplissement du rite de la pri\u00e8re, st\u00e9rilisation de tous les endroits et \u00e9quipements du lieu de culte, ,veiller \u00e0 la propret\u00e9 continue des mosqu\u00e9es,mettre \u00e0 la disposition des fid\u00e8les des gels hydroalcooliques, porter les masques de protection d\u2019une fa\u00e7on correcte, garantir une a\u00e9ration suffisante des lieux et ne pas utiliser les climatiseurs, \u00e9viter les rassemblements et l\u2019encombrement des fid\u00e8les, interdiction \u00a0de se faire accompagner d\u2019un enfant, garder ferm\u00e9es les d\u00e9pendances sanitaires des mosqu\u00e9es.<\/p>\n<p>Il est \u00e0 noter que les ablutions devront \u00eatre faites \u00e0 domicile. Aussi, chaque fid\u00e8le doit imp\u00e9rativement prier sur son tapis personnel. Pour rappel, la d\u00e9cision de rouvrir progressivement les mosqu\u00e9es remonte au mardi 7 juillet. A compter de la pri\u00e8re d\u2019Addohr du mercredi 15 juillet, les fid\u00e8les pourront donc retrouver leurs habitudes.<\/p>\n<p>De plus, les conditions de contr\u00f4le sanitaire seront g\u00e9r\u00e9es par des commissions locales \u00e0 l\u2019entr\u00e9e des lieux de culte.<\/p>\n<p>Auteur: M&rsquo;hammed rahal<br \/>\n<a href=\"http:\/\/albayane.press.ma\/%EF%BB%BFreouverture-des-mosquees-prevue-ce-mercredi.html\">Cliquez ici pour lire l&rsquo;article depuis sa source.<\/a><\/p>\n","protected":false},"excerpt":{"rendered":"<p>Des mesures de s\u00e9curit\u00e9 tr\u00e8s strictes Karim Ben Amar Un protocole sanitaire \u00e9manant du minist\u00e8re des Habous et des affaires islamiques accompagnera\u00a0 l\u2019ouverture progressive des mosqu\u00e9es au Maroc. Des r\u00e8gles tr\u00e8s strictes ont \u00e9t\u00e9 mises en place par le d\u00e9partement d\u2019Ahmed Taoufik. Ces pr\u00e9cautions ont pour vis\u00e9e d\u2019\u00e9viter toute nouvelle propagation de la Covid-19. Le [&hellip;]<\/p>\n","protected":false},"author":1760,"featured_media":0,"comment_status":"closed","ping_status":"closed","sticky":false,"template":"","format":"standard","meta":{"fifu_image_url":"","fifu_image_alt":"","footnotes":""},"categories":[73,54],"tags":[],"class_list":["post-92164","post","type-post","status-publish","format-standard","hentry","category-actualite","category-maroc"],"_links":{"self":[{"href":"https:\/\/linitiative.ca\/International\/wp-json\/wp\/v2\/posts\/92164","targetHints":{"allow":["GET"]}}],"collection":[{"href":"https:\/\/linitiative.ca\/International\/wp-json\/wp\/v2\/posts"}],"about":[{"href":"https:\/\/linitiative.ca\/International\/wp-json\/wp\/v2\/types\/post"}],"author":[{"embeddable":true,"href":"https:\/\/linitiative.ca\/International\/wp-json\/wp\/v2\/users\/1760"}],"replies":[{"embeddable":true,"href":"https:\/\/linitiative.ca\/International\/wp-json\/wp\/v2\/comments?post=92164"}],"version-history":[{"count":0,"href":"https:\/\/linitiative.ca\/International\/wp-json\/wp\/v2\/posts\/92164\/revisions"}],"wp:attachment":[{"href":"https:\/\/linitiative.ca\/International\/wp-json\/wp\/v2\/media?parent=92164"}],"wp:term":[{"taxonomy":"category","embeddable":true,"href":"https:\/\/linitiative.ca\/International\/wp-json\/wp\/v2\/categories?post=92164"},{"taxonomy":"post_tag","embeddable":true,"href":"https:\/\/linitiative.ca\/International\/wp-json\/wp\/v2\/tags?post=92164"}],"curies":[{"name":"wp","href":"https:\/\/api.w.org\/{rel}","templated":true}]}}