{"id":92165,"date":"2020-07-13T11:13:25","date_gmt":"2020-07-13T15:13:25","guid":{"rendered":"https:\/\/linitiative.ca\/International\/%ef%bb%bftanger-plusieurs-quartiers-mis-en-quarantaine\/"},"modified":"2020-07-13T11:13:25","modified_gmt":"2020-07-13T15:13:25","slug":"%ef%bb%bftanger-plusieurs-quartiers-mis-en-quarantaine","status":"publish","type":"post","link":"https:\/\/linitiative.ca\/International\/%ef%bb%bftanger-plusieurs-quartiers-mis-en-quarantaine\/","title":{"rendered":"\ufeffTanger: plusieurs quartiers mis en quarantaine"},"content":{"rendered":"<p class=\"has-text-color has-vivid-red-color c2\"><strong>Clusters\u00a0: retour du confinement<\/strong><\/p>\n<p class=\"c3\"><strong>Mohamed Khalil<\/strong><\/p>\n<p class=\"has-text-color c4\"><strong>Apr\u00e8s la ville de Safi, remise en confinement depuis une dizaine de jours, c\u2019est<\/strong> <strong>au<\/strong> <strong>tour de la ville de Tanger, objet d\u2019une remise en cause de son d\u00e9confinement.<\/strong><\/p>\n<p>Depuis dimanche \u00e0 minuit, plusieurs quartiers de la ville du D\u00e9troit sont soumis \u00e0 un contr\u00f4le sanitaire rigoureux. Et pour cause\u2026 Plusieurs quartiers, dont on ignore les noms et le nombre, o\u00f9 des clusters \u00e9pid\u00e9miologiques sont apparus, sont d\u00e9sormais soumis \u00e0 une quarantaine.<\/p>\n<p>Leurs habitants ne pourront pas en sortir et ces zones sont interdites d\u2019acc\u00e8s aux habitants des autres quartiers avoisinants. Selon un communiqu\u00e9 du minist\u00e8re de l\u2019Int\u00e9rieur, il a \u00e9t\u00e9 proc\u00e9d\u00e9 \u00e0 la fermeture des \u00abentr\u00e9es des zones cibles dans la ville\u00bb, sans en pr\u00e9ciser les quartiers et les \u00e9ventuelles unit\u00e9s commerciales et industrielles.<\/p>\n<p>Pour le Minist\u00e8re de l\u2019Int\u00e9rieur, ces d\u00e9cisions s\u2019inscrivent \u00abdans le cadre des efforts visant \u00e0 circonscrire la propagation de la pand\u00e9mie du nouveau coronavirus (Covid-19) et de limiter ses r\u00e9percussions n\u00e9gatives\u00bb.<\/p>\n<p>Outre les d\u00e9placements interdits, \u00e0 moins d\u2019une raison d\u2019extr\u00eame urgence ou n\u00e9cessit\u00e9 et sous conditions, c\u2019est tout l\u2019all\u00e8gement du confinement dont la ville a b\u00e9n\u00e9fici\u00e9 au m\u00eame titre que les autres r\u00e9gions, qui est revu \u00e0 la baisse.<\/p>\n<p>Ainsi, les nouvelles restrictions repr\u00e9sentent de nombreuses remises en cause des d\u00e9cisions du dernier d\u00e9confinement d\u00e9cid\u00e9 il y a deux semaines et mis en application.<\/p>\n<p class=\"has-text-color has-vivid-red-color\"><strong>L\u2019\u00e9p\u00e9e de Damocl\u00e8s\u2026<\/strong><\/p>\n<p>D\u00e9sormais et jusqu\u2019\u00e0 une am\u00e9lioration de la situation sanitaire, un durcissement des restrictions de pr\u00e9caution et les mesures pr\u00e9ventives est en vigueur, avec un renforcement du contr\u00f4le pour que \u00ab\u00a0les personnes se trouvant dans ces zones ne quittent leurs domiciles qu\u2019en cas de n\u00e9cessit\u00e9 extr\u00eame tout en observant les pr\u00e9cautions n\u00e9cessaires: distanciation physique, mesures d\u2019hygi\u00e8ne, port obligatoire des masques et t\u00e9l\u00e9chargement de l\u2019application \u00ab\u00a0wiqaytna\u00a0\u00bb.<\/p>\n<p>Une autorisation de d\u00e9placement exceptionnelle, d\u00e9livr\u00e9e par les agents d\u2019autorit\u00e9, est exig\u00e9e.<\/p>\n<p>Ainsi les Tang\u00e9rois, ou tout du moins pour ceux habitant dans les quartiers cibl\u00e9s, n\u2019auront pas joui longtemps du plaisir des hammams, des salles et les stades sportifs, h\u00e9las, soumis \u00e0 une fermeture g\u00e9n\u00e9rale.<\/p>\n<p>Et pas que, les march\u00e9s, les centres, les centres commerciaux, les caf\u00e9s et les espaces publics (parcs, jardins, lieux publics\u2026) devront fermer \u00e0 20H00.<\/p>\n<p>Autre restriction, qui avait cours auparavant, est celle impos\u00e9e aux habitants de la ville enti\u00e8re et consistant en \u00abl\u2019obligation de disposer d\u2019une autorisation exceptionnelle \u00e9mise par les autorit\u00e9s locales pour se d\u00e9placer en dehors de la ville de Tanger, ainsi (que) toutes les autres restrictions d\u00e9cid\u00e9es \u00e0 travers l\u2019\u00e9tat d\u2019urgence sanitaire (interdiction des rassemblements, des r\u00e9unions, des f\u00eates de mariage et des obs\u00e8ques \u2026)\u00bb, lit-on dans le communiqu\u00e9.<\/p>\n<p>Enfin, il faudra souligner que la lev\u00e9e de ces nouvelles restrictions, et donc du reconfinement, restera tributaire de l\u2019am\u00e9lioration de \u00abla situation \u00e9pid\u00e9miologique dans la ville, de la r\u00e9alisation de r\u00e9sultats concrets pour circonscrire la pand\u00e9mie et de la baisse du nombre des personnes infect\u00e9es, ce qui permettra de freiner la propagation de cette \u00e9pid\u00e9mie\u00bb.<\/p>\n<p>Autrement dit, c\u2019est le message adress\u00e9 \u00e0 toutes les r\u00e9gions du royaume, avec une \u00e9p\u00e9e de Damocl\u00e8s sur la t\u00eate, en cas de non respect des r\u00e8gles de protection, de distanciation et d\u2019hygi\u00e8ne\u2026<\/p>\n<p class=\"has-text-color c4\"><strong>A bon entendeur, salut ..!<\/strong><\/p>\n<p>Auteur: M&rsquo;hammed rahal<br \/>\n<a href=\"http:\/\/albayane.press.ma\/%EF%BB%BFtanger-plusieurs-quartiers-mis-en-quarantaine.html\">Cliquez ici pour lire l&rsquo;article depuis sa source.<\/a><\/p>\n","protected":false},"excerpt":{"rendered":"<p>Clusters\u00a0: retour du confinement Mohamed Khalil Apr\u00e8s la ville de Safi, remise en confinement depuis une dizaine de jours, c\u2019est au tour de la ville de Tanger, objet d\u2019une remise en cause de son d\u00e9confinement. Depuis dimanche \u00e0 minuit, plusieurs quartiers de la ville du D\u00e9troit sont soumis \u00e0 un contr\u00f4le sanitaire rigoureux. Et pour [&hellip;]<\/p>\n","protected":false},"author":1760,"featured_media":0,"comment_status":"closed","ping_status":"closed","sticky":false,"template":"","format":"standard","meta":{"fifu_image_url":"","fifu_image_alt":"","footnotes":""},"categories":[73,54],"tags":[],"class_list":["post-92165","post","type-post","status-publish","format-standard","hentry","category-actualite","category-maroc"],"_links":{"self":[{"href":"https:\/\/linitiative.ca\/International\/wp-json\/wp\/v2\/posts\/92165","targetHints":{"allow":["GET"]}}],"collection":[{"href":"https:\/\/linitiative.ca\/International\/wp-json\/wp\/v2\/posts"}],"about":[{"href":"https:\/\/linitiative.ca\/International\/wp-json\/wp\/v2\/types\/post"}],"author":[{"embeddable":true,"href":"https:\/\/linitiative.ca\/International\/wp-json\/wp\/v2\/users\/1760"}],"replies":[{"embeddable":true,"href":"https:\/\/linitiative.ca\/International\/wp-json\/wp\/v2\/comments?post=92165"}],"version-history":[{"count":0,"href":"https:\/\/linitiative.ca\/International\/wp-json\/wp\/v2\/posts\/92165\/revisions"}],"wp:attachment":[{"href":"https:\/\/linitiative.ca\/International\/wp-json\/wp\/v2\/media?parent=92165"}],"wp:term":[{"taxonomy":"category","embeddable":true,"href":"https:\/\/linitiative.ca\/International\/wp-json\/wp\/v2\/categories?post=92165"},{"taxonomy":"post_tag","embeddable":true,"href":"https:\/\/linitiative.ca\/International\/wp-json\/wp\/v2\/tags?post=92165"}],"curies":[{"name":"wp","href":"https:\/\/api.w.org\/{rel}","templated":true}]}}