{"id":92166,"date":"2020-07-13T11:17:50","date_gmt":"2020-07-13T15:17:50","guid":{"rendered":"https:\/\/linitiative.ca\/International\/%ef%bb%bfmauvaises-langues\/"},"modified":"2020-07-13T11:17:50","modified_gmt":"2020-07-13T15:17:50","slug":"%ef%bb%bfmauvaises-langues","status":"publish","type":"post","link":"https:\/\/linitiative.ca\/International\/%ef%bb%bfmauvaises-langues\/","title":{"rendered":"\ufeffMauvaises langues"},"content":{"rendered":"<p class=\"c2\"><strong>Par Sami Zine<\/strong><\/p>\n<p class=\"has-text-color c3\"><strong><em>Roselyne Bachelot, plusieurs fois ministre dans les gouvernements de droite en France est revenue aux affaires\u00a0 dans l\u2019\u00e9quipe de Jean Castex \u00e0 la t\u00eate du minist\u00e8re de la culture.Les mauvaises langues ont ressorti \u00e0 la pharmacienne de 73 ans, reconvertie dans le journalisme, ses multiples d\u00e9clarations tonitruantes de divorce d\u00e9finitif avec la charge gouvernementale, pour souligner le caract\u00e8re versatile des hommes politiques.<\/em><\/strong><\/p>\n<p>Or, cette passionn\u00e9e des arts, qui a longtemps anim\u00e9 une chronique sur la musique ajoutait en codicille qu\u2019elle ne fermait pas la porte \u00e0 une seule responsabilit\u00e9, celle de la culture.<\/p>\n<p>L\u2019int\u00e9r\u00eat de cette nouvelle pour ce c\u00f4t\u00e9-ci de la m\u00e9diterran\u00e9e ne r\u00e9side pas dans la nomination de celle qui va occuper le fauteuil qui f\u00fbt jadis celui d\u2019Andr\u00e9 Malraux, mais plut\u00f4t dans son profil qui a convaincu le premier ministre et le pr\u00e9sident de la r\u00e9publique fran\u00e7aise, et qui nous offre le pr\u00e9texte de provoquer, non sans malice, la comparaison avec le titulaire de cette charge dans notre dernier remaniement minist\u00e9riel automnal. Profil contre profil.<\/p>\n<p>Dans le cas d\u2019esp\u00e8ce, dire que l\u2019\u00e9cart entre les deux ministres est sid\u00e9ral rel\u00e8ve de la lapalissade.\u00a0 La preuve : pendant plusieurs semaines,une question \u00e0 1 dirham a fait le tour des salons cossus de Rabat et de Casablanca et des cercles priv\u00e9s des intellectuels et des hommes d\u2019influence : c\u2019est quoi le comble pour un ministre de la culture ? La r\u00e9ponse n\u2019\u00e9tait pas \u00e9vidente, mais avait circul\u00e9 de bouche \u00e0 oreille plus vite que le virus de la grippe d\u00e8s l\u2019ouverture du salon international de l\u2019\u00e9dition et du livre de Casablanca.<\/p>\n<p>La r\u00e9ponse juste et d\u00e9sormais valid\u00e9e \u00e9tait la suivante : le comble pour un ministre de la culture est d\u2019inviter au salon du livre un \u00e9crivain d\u00e9c\u00e9d\u00e9 ! L\u2019auteur c\u00e9l\u00e8bre en question n\u2019est autre que feue Fat\u00e9ma Mernissi, quant au ministre inculte, auteur de la demande, on s\u2019attend \u00e0 ce que sa performance lui assure une place de choix dans le livre des b\u00eatisiers que les historiens finiront par \u00e9crire un jour.<\/p>\n<p>Plus s\u00e9rieusement, ce genre d\u2019erreur de casting est r\u00e9v\u00e9lateur de deux probl\u00e8mes gigognes. Le premier est celui de la m\u00e9connaissance, ou au mieux, la compr\u00e9hension floue des r\u00f4les et des enjeux de la culture chez les politiques qui les expose \u00e0 des choix malheureux. Le second est plus grave et explique le premier en partie. Il concerne la d\u00e9connexion du personnel politique du monde des belles lettres et des arts. Rarement lecteur ou spectateur, sans addiction \u00e0 l\u2019\u00e9merveillement, on peut se demander comment ce personnel indiff\u00e9rent \u00e0 la culture peut faire de la politique et inventer le r\u00eave et le futur. Apr\u00e8s tout, la plus jolie fille du monde ne peut donner que ce qu\u2019elle a.La plus moche \u00e9galement!<\/p>\n<p>Auteur: M&rsquo;hammed rahal<br \/>\n<a href=\"http:\/\/albayane.press.ma\/%EF%BB%BFmauvaises-langues.html\">Cliquez ici pour lire l&rsquo;article depuis sa source.<\/a><\/p>\n","protected":false},"excerpt":{"rendered":"<p>Par Sami Zine Roselyne Bachelot, plusieurs fois ministre dans les gouvernements de droite en France est revenue aux affaires\u00a0 dans l\u2019\u00e9quipe de Jean Castex \u00e0 la t\u00eate du minist\u00e8re de la culture.Les mauvaises langues ont ressorti \u00e0 la pharmacienne de 73 ans, reconvertie dans le journalisme, ses multiples d\u00e9clarations tonitruantes de divorce d\u00e9finitif avec la [&hellip;]<\/p>\n","protected":false},"author":1760,"featured_media":0,"comment_status":"closed","ping_status":"closed","sticky":false,"template":"","format":"standard","meta":{"fifu_image_url":"","fifu_image_alt":"","footnotes":""},"categories":[73,54],"tags":[],"class_list":["post-92166","post","type-post","status-publish","format-standard","hentry","category-actualite","category-maroc"],"_links":{"self":[{"href":"https:\/\/linitiative.ca\/International\/wp-json\/wp\/v2\/posts\/92166","targetHints":{"allow":["GET"]}}],"collection":[{"href":"https:\/\/linitiative.ca\/International\/wp-json\/wp\/v2\/posts"}],"about":[{"href":"https:\/\/linitiative.ca\/International\/wp-json\/wp\/v2\/types\/post"}],"author":[{"embeddable":true,"href":"https:\/\/linitiative.ca\/International\/wp-json\/wp\/v2\/users\/1760"}],"replies":[{"embeddable":true,"href":"https:\/\/linitiative.ca\/International\/wp-json\/wp\/v2\/comments?post=92166"}],"version-history":[{"count":0,"href":"https:\/\/linitiative.ca\/International\/wp-json\/wp\/v2\/posts\/92166\/revisions"}],"wp:attachment":[{"href":"https:\/\/linitiative.ca\/International\/wp-json\/wp\/v2\/media?parent=92166"}],"wp:term":[{"taxonomy":"category","embeddable":true,"href":"https:\/\/linitiative.ca\/International\/wp-json\/wp\/v2\/categories?post=92166"},{"taxonomy":"post_tag","embeddable":true,"href":"https:\/\/linitiative.ca\/International\/wp-json\/wp\/v2\/tags?post=92166"}],"curies":[{"name":"wp","href":"https:\/\/api.w.org\/{rel}","templated":true}]}}