{"id":92167,"date":"2020-07-13T09:28:10","date_gmt":"2020-07-13T13:28:10","guid":{"rendered":"https:\/\/linitiative.ca\/International\/les-soirees-de-hammamet-350-spectateurs-chaque-soiree-par-mesure-de-securite-sanitaire\/"},"modified":"2020-07-13T09:28:10","modified_gmt":"2020-07-13T13:28:10","slug":"les-soirees-de-hammamet-350-spectateurs-chaque-soiree-par-mesure-de-securite-sanitaire","status":"publish","type":"post","link":"https:\/\/linitiative.ca\/International\/les-soirees-de-hammamet-350-spectateurs-chaque-soiree-par-mesure-de-securite-sanitaire\/","title":{"rendered":"Les Soir\u00e9es de Hammamet \u00bb:  350 spectateurs chaque soir\u00e9e par mesure de s\u00e9curit\u00e9 sanitaire"},"content":{"rendered":"<p>La manifestation \u00ab Les soir\u00e9es de Hammamet \u00bb se d\u00e9roulera du 25 juillet au 22 ao\u00fbt prochain et comprendra trente spectacles r\u00e9parties en vingt-six soir\u00e9es.<\/p>\n<p>C\u2019est ce qu\u2019a indiqu\u00e9, dimanche, le directeur du centre culturel international de Hammamet, Lass\u00e2ad Sa\u00efed.<\/p>\n<p>Les spectacles seront assur\u00e9s, dans leur int\u00e9gralit\u00e9, par des artistes tunisiens. Ils proposeront cin\u00e9ma, musique, chor\u00e9graphie et th\u00e9\u00e2tre (sept repr\u00e9sentations).<\/p>\n<p>La soir\u00e9e d\u2019ouverture, pr\u00e9vue le 25 juillet, co\u00efncidera avec la c\u00e9l\u00e9bration du 63e anniversaire de la R\u00e9publique. Elle sera anim\u00e9e par l\u2019orchestre symphonique tunisien. Quant \u00e0 la soir\u00e9e de cl\u00f4ture, programm\u00e9e pour le 22 ao\u00fbt, elle sera anim\u00e9e par l\u2019artiste Lotfi Bouchnak.<\/p>\n<p>Des soir\u00e9es hommages seront rendus \u00e0 certaines figures de la chanson et de la musique tunisiennes, dont les chanteurs disparus Youssef Temimi et Belguith Sayadi.<\/p>\n<p>Le directeur du centre culturel international de Hammamet a soulign\u00e9 la d\u00e9termination de la direction de la manifestation d\u2019appliquer, fermement, le protocole sanitaire pour pr\u00e9venir la propagation du covid-19, et ce en concertation avec la commission nationale de lutte contre le coronavirus.<\/p>\n<p>Il a, dans ce sens, indiqu\u00e9 que seuls 350 spectateurs par spectacle seront autoris\u00e9s \u00e0 acc\u00e9der \u00e0 l\u2019amphith\u00e9\u00e2tre par mesure de s\u00e9curit\u00e9 sanitaire, en raison du covid-19.<\/p>\n<p>Le port de la bavette sera obligatoire, a-t-il ajout\u00e9.<\/p>\n<p>Il a, par ailleurs, indiqu\u00e9 que les prix des billets varieront entre 10 et 40 dinars. Dix dinars pour les soir\u00e9es cin\u00e9ma, 20 dinars pour les repr\u00e9sentations th\u00e9\u00e2trales et entre 25 et 30 dinars pour le reste des spectacles.<\/p>\n<p>Seuls les billets des soir\u00e9es de cl\u00f4ture et d\u2019ouverture seront de quarante dinars, a-t-il pr\u00e9cis\u00e9.<\/p>\n<p>Fin mai dernier, la ministre de la Culture, Chiraz Laatiri, avait annonc\u00e9 le report, \u00e0 l\u2019\u00e9t\u00e9 2021, des 56e \u00e9ditions des Festivals internationaux de Carthage et de Hammamet<\/p>\n<div class=\"wp-post-author-wrap wp-post-author-shortcode left\">\n<h3 class=\"awpa-title\"\/>\n<div class=\"wp-post-author\">\n<div class=\"awpa-img awpa-author-block square\"><a href=\"http:\/\/lexpertjournal.net\/fr\/?author=5\"><img loading=\"lazy\" decoding=\"async\" alt=\"\" src=\"http:\/\/0.gravatar.com\/avatar\/97f8e10a1c1125ba104a76514ee07b16?s=150&amp;d=mm&amp;r=g\" srcset=\"http:\/\/0.gravatar.com\/avatar\/97f8e10a1c1125ba104a76514ee07b16?s=300&amp;d=mm&amp;r=g 2x\" class=\"avatar avatar-150 photo\" height=\"150\" width=\"150\"\/><\/a><\/div>\n<\/div>\n<\/div>\n<aside class=\"mashsb-container mashsb-main mashsb-stretched\">\n<\/aside>\n<p>Auteur: L&rsquo;expert<br \/>\n<a href=\"http:\/\/lexpertjournal.net\/fr\/?p=15705\">Cliquez ici pour lire l&rsquo;article depuis sa source.<\/a><\/p>\n","protected":false},"excerpt":{"rendered":"<p>La manifestation \u00ab Les soir\u00e9es de Hammamet \u00bb se d\u00e9roulera du 25 juillet au 22 ao\u00fbt prochain et comprendra trente spectacles r\u00e9parties en vingt-six soir\u00e9es. C\u2019est ce qu\u2019a indiqu\u00e9, dimanche, le directeur du centre culturel international de Hammamet, Lass\u00e2ad Sa\u00efed. Les spectacles seront assur\u00e9s, dans leur int\u00e9gralit\u00e9, par des artistes tunisiens. Ils proposeront cin\u00e9ma, musique, [&hellip;]<\/p>\n","protected":false},"author":1775,"featured_media":0,"comment_status":"closed","ping_status":"closed","sticky":false,"template":"","format":"standard","meta":{"fifu_image_url":"","fifu_image_alt":"","footnotes":""},"categories":[78,55],"tags":[],"class_list":["post-92167","post","type-post","status-publish","format-standard","hentry","category-economie","category-tunisie"],"_links":{"self":[{"href":"https:\/\/linitiative.ca\/International\/wp-json\/wp\/v2\/posts\/92167","targetHints":{"allow":["GET"]}}],"collection":[{"href":"https:\/\/linitiative.ca\/International\/wp-json\/wp\/v2\/posts"}],"about":[{"href":"https:\/\/linitiative.ca\/International\/wp-json\/wp\/v2\/types\/post"}],"author":[{"embeddable":true,"href":"https:\/\/linitiative.ca\/International\/wp-json\/wp\/v2\/users\/1775"}],"replies":[{"embeddable":true,"href":"https:\/\/linitiative.ca\/International\/wp-json\/wp\/v2\/comments?post=92167"}],"version-history":[{"count":0,"href":"https:\/\/linitiative.ca\/International\/wp-json\/wp\/v2\/posts\/92167\/revisions"}],"wp:attachment":[{"href":"https:\/\/linitiative.ca\/International\/wp-json\/wp\/v2\/media?parent=92167"}],"wp:term":[{"taxonomy":"category","embeddable":true,"href":"https:\/\/linitiative.ca\/International\/wp-json\/wp\/v2\/categories?post=92167"},{"taxonomy":"post_tag","embeddable":true,"href":"https:\/\/linitiative.ca\/International\/wp-json\/wp\/v2\/tags?post=92167"}],"curies":[{"name":"wp","href":"https:\/\/api.w.org\/{rel}","templated":true}]}}