{"id":92168,"date":"2020-07-13T09:30:45","date_gmt":"2020-07-13T13:30:45","guid":{"rendered":"https:\/\/linitiative.ca\/International\/suspicion-de-conflit-dinteret-precisions-peu-convaincantes-de-valis\/"},"modified":"2020-07-13T09:30:45","modified_gmt":"2020-07-13T13:30:45","slug":"suspicion-de-conflit-dinteret-precisions-peu-convaincantes-de-valis","status":"publish","type":"post","link":"https:\/\/linitiative.ca\/International\/suspicion-de-conflit-dinteret-precisions-peu-convaincantes-de-valis\/","title":{"rendered":"Suspicion de conflit d\u2019int\u00e9r\u00eat : Pr\u00e9cisions peu convaincantes de Valis"},"content":{"rendered":"<p>Le groupement de soci\u00e9t\u00e9s SOTEME, VALIS, SERPOL, un consortium de soci\u00e9t\u00e9s tunisiennes, a r\u00e9pliqu\u00e9, dimanche, aux diff\u00e9rentes d\u00e9clarations publi\u00e9es dans les m\u00e9dias sur sa participation aux march\u00e9s publics dans le domaine de l\u2019environnement et l\u2019\u00e9ventuel conflit d\u2019int\u00e9r\u00eat entre le chef du gouvernement Ely\u00e8s Fakhfakh et l\u2019Etat tunisien. Toutefois, ces pr\u00e9cisions ont l\u2019allure d\u2019une tentative pour noyer le poisson, surtout que le probl\u00e8me se situe au niveau de l\u2019omission de ces participations de Fakhfakh \u00e0 Valis, lors de sa d\u00e9claration sur son patrimoine. Et, c\u2019est ce qui a fait \u00e9clater le \u00ab\u00a0scandale\u00a0\u00bb, utilis\u00e9 comme moyen de pression par Ennahdha.<\/p>\n<p>Il pr\u00e9cise, dans un communiqu\u00e9, que sa participation \u00e0 l\u2019appel d\u2019offres international 32\/2019 et sa s\u00e9lection en tant que moins-disant ont eu lieu bien avant que Ely\u00e8s Fakhfakh, l\u2019associ\u00e9 dans le capital de la soci\u00e9t\u00e9 VIVAN, elle-m\u00eame associ\u00e9e dans le capital de VALIS laquelle est membre d\u2019un consortium tripartite, ne soit appel\u00e9 par le pr\u00e9sident de la R\u00e9publique \u00e0 constituer le gouvernement actuel.<\/p>\n<p>Le consortium a ajout\u00e9 que la conclusion du march\u00e9 public conform\u00e9ment aux dispositions de l\u2019article 73 du d\u00e9cret de 2014 relatif aux march\u00e9s publics a, \u00e9galement, eu lieu avant que Ely\u00e8s Fakhfakh ne soit appel\u00e9 \u00e0 constituer le gouvernement actuel. Il pr\u00e9cise que l\u2019attribution du march\u00e9 a \u00e9t\u00e9 effectu\u00e9 gr\u00e2ce \u00e0 la technique cor\u00e9enne permettant la digitalisation du d\u00e9pouillement.<\/p>\n<p>La participation du Consortium \u00e0 l\u2019appel d\u2019offres 32\/2019, comme deux ans auparavant, a bris\u00e9 une situation de rente entre les deux acteurs historiques entrainant par la m\u00eame une baisse consid\u00e9rable des prix du march\u00e9, lit-on de m\u00eame source.<\/p>\n<p>Le groupement de soci\u00e9t\u00e9s et la soci\u00e9t\u00e9 VALIS ont appliqu\u00e9 scrupuleusement les lois en vigueur notamment le d\u00e9cret n\u00b0 2014-1039 du 13 mars 2014, portant r\u00e9glementation des march\u00e9s publics. De la participation aux appels d\u2019offres \u00e0 l\u2019ex\u00e9cution des contrats. Et de relever que les r\u00e9sultats n\u2019ont engendr\u00e9 aucune contestation des participants \u00e0 ce march\u00e9.<\/p>\n<p>Le rapport de d\u00e9pouillement a eu lieu avant que la confiance ne soit vot\u00e9e \u00e0 l\u2019\u00e9quipe gouvernementale choisie par Fakhfakh. Ce dernier a vendu toutes ses parts dans la soci\u00e9t\u00e9 VIVAN qui d\u00e9tient des parts de la soci\u00e9t\u00e9 VALIS, et qu\u2019il n\u2019a jamais \u00e9t\u00e9 ni dirigeant ni membre d\u2019un organe d\u00e9cisionnaire de la soci\u00e9t\u00e9 VALIS.<\/p>\n<p>Il importe, \u00e9galement, de souligner qu\u2019il n\u2019y a eu aucun trafic d\u2019influence ayant permis l\u2019attribution de l\u2019appel d\u2019offres 32\/2019 au Consortium (SOTEME, VALIS et SERPOL), de m\u00eame que ce dernier n\u2019a jouit d\u2019aucune faveur du chef du Gouvernement.<\/p>\n<p>Aussi, il convient de souligner que le consortium n\u2019h\u00e9sitera pas \u00e0 faire valoir ses droits contre toute personne qui, par ses d\u00e9clarations ou publications, lui a port\u00e9 ou lui portera pr\u00e9judice aupr\u00e8s de ses partenaires, notamment financiers.<\/p>\n<p>Pour rappel la soci\u00e9t\u00e9 Valis, dont l\u2019activit\u00e9 est essentiellement orient\u00e9e vers l\u2019\u00e9conomie de l\u2019environnement, est une soci\u00e9t\u00e9 tunisienne cr\u00e9\u00e9e en 2018 ; son capital s\u2019\u00e9l\u00e8ve \u00e0 340.000,000 Dinars et est d\u00e9tenu \u00e0 hauteur de 51 pour cent par la soci\u00e9t\u00e9 Moulin Holding, \u00e0 hauteur de 34 pc par la soci\u00e9t\u00e9 VIVAN o\u00f9 Fakhfakh d\u00e9tient des parts et \u00e0 hauteur de 15 pc par la soci\u00e9t\u00e9 SERPOL.<\/p>\n<p>La soci\u00e9t\u00e9 VALIS ou un groupement auquel elle participe n\u2019a aucun contrat d\u2019un montant de 120 Millions de dinars avec l\u2019Etat comme cela a pu para\u00eetre dans certains m\u00e9dias. Que la soci\u00e9t\u00e9 Valis a particip\u00e9 dans un groupement de cinq soci\u00e9t\u00e9s internationales \u00e0 une pr\u00e9-qualification en vue d\u2019une \u00e9ventuelle participation \u00e0 un appel d\u2019offres \u00e0 venir pour la valorisation des d\u00e9chets de la r\u00e9gion de Gab\u00e8s.<\/p>\n<p>Le groupement SOTEME VALIS SERPOL rappelle qu\u2019en octobre 2019, l\u2019Agence Nationale de Gestion des D\u00e9chets (ANGED) a lanc\u00e9 un appel d\u2019offres international sous le num\u00e9ro 32\/2019, fractionn\u00e9 en six (6) lots et ce afin de stimuler la concurrence et surtout en vue de briser le contr\u00f4le du march\u00e9 tunisien des d\u00e9chets exerc\u00e9 par le duo SEGOR et ECOTI depuis plus de dix ans.<\/p>\n<p>Pr\u00e9vue pour le 28 novembre 2019, pr\u00e9cise le groupement, l\u2019ouverture des plis a \u00e9t\u00e9 retard\u00e9e par l\u2019ANGED au 25 d\u00e9cembre de la m\u00eame ann\u00e9e, date \u00e0 laquelle, le syst\u00e8me TUNEPS a enregistr\u00e9 que le Groupement de Soci\u00e9t\u00e9s (SOTEME, VALIS et SERPOL) a \u00e9t\u00e9 s\u00e9lectionn\u00e9 dans la mesure o\u00f9 il a \u00e9t\u00e9 le moins-disant dans une combinaison de deux (2) lots sur les six (6) propos\u00e9s.<\/p>\n<p>Dans son rapport du 10 f\u00e9vrier 2020, la Commission d\u2019Evaluation de l\u2019Appel d\u2019Offres de l\u2019ANGED a approuv\u00e9 les proc\u00e9dures de ce dernier et transmis son rapport au Minist\u00e8re de tutelle le 14 f\u00e9vrier 2020.<\/p>\n<p>Le 27 f\u00e9vrier 2020, le dossier relatif \u00e0 l\u2019appel d\u2019offres a \u00e9t\u00e9 transmis \u00e0 la Commission Sup\u00e9rieure d\u2019Audit des March\u00e9s Publics qui en a accus\u00e9 r\u00e9ception le 02 mars 2020, et a approuv\u00e9 le 16 avril suivant l\u2019octroi de l\u2019ensemble des six lots aux diff\u00e9rents<\/p>\n<div class=\"wp-post-author-wrap wp-post-author-shortcode left\">\n<h3 class=\"awpa-title\"\/>\n<div class=\"wp-post-author\">\n<div class=\"awpa-img awpa-author-block square\"><a href=\"http:\/\/lexpertjournal.net\/fr\/?author=5\"><img loading=\"lazy\" decoding=\"async\" alt=\"\" src=\"http:\/\/0.gravatar.com\/avatar\/97f8e10a1c1125ba104a76514ee07b16?s=150&amp;d=mm&amp;r=g\" srcset=\"http:\/\/0.gravatar.com\/avatar\/97f8e10a1c1125ba104a76514ee07b16?s=300&amp;d=mm&amp;r=g 2x\" class=\"avatar avatar-150 photo\" height=\"150\" width=\"150\"\/><\/a><\/div>\n<\/div>\n<\/div>\n<aside class=\"mashsb-container mashsb-main mashsb-stretched\">\n<\/aside>\n<p>Auteur: L&rsquo;expert<br \/>\n<a href=\"http:\/\/lexpertjournal.net\/fr\/?p=15708\">Cliquez ici pour lire l&rsquo;article depuis sa source.<\/a><\/p>\n","protected":false},"excerpt":{"rendered":"<p>Le groupement de soci\u00e9t\u00e9s SOTEME, VALIS, SERPOL, un consortium de soci\u00e9t\u00e9s tunisiennes, a r\u00e9pliqu\u00e9, dimanche, aux diff\u00e9rentes d\u00e9clarations publi\u00e9es dans les m\u00e9dias sur sa participation aux march\u00e9s publics dans le domaine de l\u2019environnement et l\u2019\u00e9ventuel conflit d\u2019int\u00e9r\u00eat entre le chef du gouvernement Ely\u00e8s Fakhfakh et l\u2019Etat tunisien. Toutefois, ces pr\u00e9cisions ont l\u2019allure d\u2019une tentative pour [&hellip;]<\/p>\n","protected":false},"author":1775,"featured_media":0,"comment_status":"closed","ping_status":"closed","sticky":false,"template":"","format":"standard","meta":{"fifu_image_url":"","fifu_image_alt":"","footnotes":""},"categories":[78,55],"tags":[],"class_list":["post-92168","post","type-post","status-publish","format-standard","hentry","category-economie","category-tunisie"],"_links":{"self":[{"href":"https:\/\/linitiative.ca\/International\/wp-json\/wp\/v2\/posts\/92168","targetHints":{"allow":["GET"]}}],"collection":[{"href":"https:\/\/linitiative.ca\/International\/wp-json\/wp\/v2\/posts"}],"about":[{"href":"https:\/\/linitiative.ca\/International\/wp-json\/wp\/v2\/types\/post"}],"author":[{"embeddable":true,"href":"https:\/\/linitiative.ca\/International\/wp-json\/wp\/v2\/users\/1775"}],"replies":[{"embeddable":true,"href":"https:\/\/linitiative.ca\/International\/wp-json\/wp\/v2\/comments?post=92168"}],"version-history":[{"count":0,"href":"https:\/\/linitiative.ca\/International\/wp-json\/wp\/v2\/posts\/92168\/revisions"}],"wp:attachment":[{"href":"https:\/\/linitiative.ca\/International\/wp-json\/wp\/v2\/media?parent=92168"}],"wp:term":[{"taxonomy":"category","embeddable":true,"href":"https:\/\/linitiative.ca\/International\/wp-json\/wp\/v2\/categories?post=92168"},{"taxonomy":"post_tag","embeddable":true,"href":"https:\/\/linitiative.ca\/International\/wp-json\/wp\/v2\/tags?post=92168"}],"curies":[{"name":"wp","href":"https:\/\/api.w.org\/{rel}","templated":true}]}}