{"id":92169,"date":"2020-07-13T09:32:40","date_gmt":"2020-07-13T13:32:40","guid":{"rendered":"https:\/\/linitiative.ca\/International\/circulation-routiere-104-accidents-depuis-le-demarrage-de-vacances-en-securite\/"},"modified":"2020-07-13T09:32:40","modified_gmt":"2020-07-13T13:32:40","slug":"circulation-routiere-104-accidents-depuis-le-demarrage-de-vacances-en-securite","status":"publish","type":"post","link":"https:\/\/linitiative.ca\/International\/circulation-routiere-104-accidents-depuis-le-demarrage-de-vacances-en-securite\/","title":{"rendered":"Circulation routi\u00e8re:  104 accidents depuis le d\u00e9marrage de \u00ab Vacances en s\u00e9curit\u00e9 \u00bb"},"content":{"rendered":"<p>Cent quatre accidents de la circulation ont \u00e9t\u00e9 enregistr\u00e9s sur les routes tunisiennes, depuis le 1er juillet, date marquant le lancement du programme Vacances en s\u00e9curit\u00e9, jusqu\u2019au 9 juillet courant, apprend-on aupr\u00e8s de l\u2019observatoire national de la s\u00e9curit\u00e9 routi\u00e8re du minist\u00e8re de l\u2019Int\u00e9rieur.<\/p>\n<p>Le nombre des personnes tu\u00e9es dans ces accidents de la route s\u2019\u00e9tablit \u00e0 27, alors que le nombre de bless\u00e9s s\u2019\u00e9l\u00e8ve \u00e0 177, a indiqu\u00e9 dimanche \u00e0 l\u2019agence TAP, le porte-parole de l\u2019observatoire Oussama Mabrouk, affirmant que les accidents de la circulation sont en baisse par rapport \u00e0 la m\u00eame p\u00e9riode en juillet 2019, soit 68 accidents de moins ainsi que pour le nombre de bless\u00e9s (73). Le nombre des accidents mortels est rest\u00e9 stable.<\/p>\n<p>Le gouvernorat de Tunis a enregistr\u00e9 le plus grand nombre d\u2019accidents de la circulation (18 sur un total de 104 accidents), provoquant la mort de 5 personnes et 22 bless\u00e9s, vient ensuite Gab\u00e8s avec 9 accidents (4 morts et 18 bless\u00e9s), puis Monastir avec 7 accidents routiers (6 morts et 8 bless\u00e9s).<\/p>\n<p>Les principales causes des accidents de la route sont l\u2019exc\u00e8s de vitesse (14 accidents: 9 morts et 24 bless\u00e9s), l\u2019inattention (30 accidents: 3 morts et 40 bless\u00e9s), et le non-respect de la priorit\u00e9 (14 accidents: 1 mort et 28 bless\u00e9s).<\/p>\n<div class=\"wp-post-author-wrap wp-post-author-shortcode left\">\n<h3 class=\"awpa-title\"\/>\n<div class=\"wp-post-author\">\n<div class=\"awpa-img awpa-author-block square\"><a href=\"http:\/\/lexpertjournal.net\/fr\/?author=5\"><img loading=\"lazy\" decoding=\"async\" alt=\"\" src=\"http:\/\/0.gravatar.com\/avatar\/97f8e10a1c1125ba104a76514ee07b16?s=150&amp;d=mm&amp;r=g\" srcset=\"http:\/\/0.gravatar.com\/avatar\/97f8e10a1c1125ba104a76514ee07b16?s=300&amp;d=mm&amp;r=g 2x\" class=\"avatar avatar-150 photo\" height=\"150\" width=\"150\"\/><\/a><\/div>\n<\/div>\n<\/div>\n<aside class=\"mashsb-container mashsb-main mashsb-stretched\">\n<\/aside>\n<p>Auteur: L&rsquo;expert<br \/>\n<a href=\"http:\/\/lexpertjournal.net\/fr\/?p=15711\">Cliquez ici pour lire l&rsquo;article depuis sa source.<\/a><\/p>\n","protected":false},"excerpt":{"rendered":"<p>Cent quatre accidents de la circulation ont \u00e9t\u00e9 enregistr\u00e9s sur les routes tunisiennes, depuis le 1er juillet, date marquant le lancement du programme Vacances en s\u00e9curit\u00e9, jusqu\u2019au 9 juillet courant, apprend-on aupr\u00e8s de l\u2019observatoire national de la s\u00e9curit\u00e9 routi\u00e8re du minist\u00e8re de l\u2019Int\u00e9rieur. Le nombre des personnes tu\u00e9es dans ces accidents de la route s\u2019\u00e9tablit [&hellip;]<\/p>\n","protected":false},"author":1775,"featured_media":0,"comment_status":"closed","ping_status":"closed","sticky":false,"template":"","format":"standard","meta":{"fifu_image_url":"","fifu_image_alt":"","footnotes":""},"categories":[78,55],"tags":[],"class_list":["post-92169","post","type-post","status-publish","format-standard","hentry","category-economie","category-tunisie"],"_links":{"self":[{"href":"https:\/\/linitiative.ca\/International\/wp-json\/wp\/v2\/posts\/92169","targetHints":{"allow":["GET"]}}],"collection":[{"href":"https:\/\/linitiative.ca\/International\/wp-json\/wp\/v2\/posts"}],"about":[{"href":"https:\/\/linitiative.ca\/International\/wp-json\/wp\/v2\/types\/post"}],"author":[{"embeddable":true,"href":"https:\/\/linitiative.ca\/International\/wp-json\/wp\/v2\/users\/1775"}],"replies":[{"embeddable":true,"href":"https:\/\/linitiative.ca\/International\/wp-json\/wp\/v2\/comments?post=92169"}],"version-history":[{"count":0,"href":"https:\/\/linitiative.ca\/International\/wp-json\/wp\/v2\/posts\/92169\/revisions"}],"wp:attachment":[{"href":"https:\/\/linitiative.ca\/International\/wp-json\/wp\/v2\/media?parent=92169"}],"wp:term":[{"taxonomy":"category","embeddable":true,"href":"https:\/\/linitiative.ca\/International\/wp-json\/wp\/v2\/categories?post=92169"},{"taxonomy":"post_tag","embeddable":true,"href":"https:\/\/linitiative.ca\/International\/wp-json\/wp\/v2\/tags?post=92169"}],"curies":[{"name":"wp","href":"https:\/\/api.w.org\/{rel}","templated":true}]}}