{"id":92171,"date":"2020-07-13T09:35:12","date_gmt":"2020-07-13T13:35:12","guid":{"rendered":"https:\/\/linitiative.ca\/International\/loi-sur-leconomie-sociale-et-solidaire-quelles-garanties-pour-le-bon-fonctionnement\/"},"modified":"2020-07-13T09:35:12","modified_gmt":"2020-07-13T13:35:12","slug":"loi-sur-leconomie-sociale-et-solidaire-quelles-garanties-pour-le-bon-fonctionnement","status":"publish","type":"post","link":"https:\/\/linitiative.ca\/International\/loi-sur-leconomie-sociale-et-solidaire-quelles-garanties-pour-le-bon-fonctionnement\/","title":{"rendered":"Loi sur l\u2019\u00e9conomie sociale et solidaire : Quelles garanties pour le bon fonctionnement ?"},"content":{"rendered":"<p>L\u2019adoption de la loi sur l\u2019\u00e9conomie sociale et solidaire est un grand acquis et elle est le fruit des efforts des diff\u00e9rentes forces nationales dont la centrale syndicale, a indiqu\u00e9 Naima Hammami, secr\u00e9taire g\u00e9n\u00e9rale adjointe de l\u2019Union g\u00e9n\u00e9rale tunisienne du travail (UGTT).<\/p>\n<p>Mais, a-t-elle estim\u00e9, l\u2019application de cette loi impose de r\u00e9fl\u00e9chir \u00e0 des garanties, l\u00e9gislative et institutionnelle, pour assurer son bon fonctionnement.<\/p>\n<p>Hammami a ajout\u00e9 que la formule d\u2019adoption de cette loi \u00e9tait \u00e0 la base un projet de loi propos\u00e9 et d\u00e9fendu par l\u2019Union, \u00e0 l\u2019exception de certains points qui ont \u00e9t\u00e9 \u00e9cart\u00e9s par le parlement dont, son adoption en tant qu\u2019une loi ordinaire. L\u2019UGTT, a-t-elle rappel\u00e9, a recommand\u00e9 qu\u2019elle soit une loi organique afin de ne pas pouvoir l\u2019amender facilement, et que sa structure soit d\u00e9termin\u00e9e pour \u00e9viter toute exploitation \u00e0 d\u2019autres fins.<\/p>\n<p>Elle a soulign\u00e9 par la m\u00eame occasion, l\u2019imp\u00e9ratif d\u2019assurer un contr\u00f4le des \u00e9tablissements et des structures qui seront actives dans le cadre de ce syst\u00e8me d\u2019\u00e9conomie sociale et solidaire afin de garantir un bon d\u00e9roulement des activit\u00e9s conform\u00e9ment \u00e0 la loi.<\/p>\n<p>S\u2019agissant des textes de loi d\u2019application, Hammami a pr\u00e9cis\u00e9 que la centrale syndicale a demand\u00e9 son association dans les diff\u00e9rents comit\u00e9s et a inform\u00e9 le ministre de la formation professionnelle et de l\u2019emploi. L\u2019Union a des propositions et pr\u00e9voit l\u2019organisation des rencontres d\u2019information pour ouvrir le d\u00e9bat autour des diff\u00e9rentes questions en relation, a-t-elle encore dit.<\/p>\n<p>Le parlement avait adopt\u00e9 le 17 juin dernier, lors d\u2019une pl\u00e9ni\u00e8re, le projet de loi sur l\u2019\u00e9conomie sociale et solidaire. C\u2019est le premier cadre l\u00e9gislatif en Tunisie qui organise l\u2019\u00e9conomie sociale et solidaire, d\u00e9termine son concept, ses objectifs et ses structures ainsi que les m\u00e9canismes permettant un suivi, une \u00e9valuation et un appui.<\/p>\n<div class=\"wp-post-author-wrap wp-post-author-shortcode left\">\n<h3 class=\"awpa-title\"\/>\n<div class=\"wp-post-author\">\n<div class=\"awpa-img awpa-author-block square\"><a href=\"http:\/\/lexpertjournal.net\/fr\/?author=5\"><img loading=\"lazy\" decoding=\"async\" alt=\"\" src=\"http:\/\/0.gravatar.com\/avatar\/97f8e10a1c1125ba104a76514ee07b16?s=150&amp;d=mm&amp;r=g\" srcset=\"http:\/\/0.gravatar.com\/avatar\/97f8e10a1c1125ba104a76514ee07b16?s=300&amp;d=mm&amp;r=g 2x\" class=\"avatar avatar-150 photo\" height=\"150\" width=\"150\"\/><\/a><\/div>\n<\/div>\n<\/div>\n<aside class=\"mashsb-container mashsb-main mashsb-stretched\">\n<\/aside>\n<p>Auteur: L&rsquo;expert<br \/>\n<a href=\"http:\/\/lexpertjournal.net\/fr\/?p=15717\">Cliquez ici pour lire l&rsquo;article depuis sa source.<\/a><\/p>\n","protected":false},"excerpt":{"rendered":"<p>L\u2019adoption de la loi sur l\u2019\u00e9conomie sociale et solidaire est un grand acquis et elle est le fruit des efforts des diff\u00e9rentes forces nationales dont la centrale syndicale, a indiqu\u00e9 Naima Hammami, secr\u00e9taire g\u00e9n\u00e9rale adjointe de l\u2019Union g\u00e9n\u00e9rale tunisienne du travail (UGTT). Mais, a-t-elle estim\u00e9, l\u2019application de cette loi impose de r\u00e9fl\u00e9chir \u00e0 des garanties, [&hellip;]<\/p>\n","protected":false},"author":1775,"featured_media":0,"comment_status":"closed","ping_status":"closed","sticky":false,"template":"","format":"standard","meta":{"fifu_image_url":"","fifu_image_alt":"","footnotes":""},"categories":[78,55],"tags":[],"class_list":["post-92171","post","type-post","status-publish","format-standard","hentry","category-economie","category-tunisie"],"_links":{"self":[{"href":"https:\/\/linitiative.ca\/International\/wp-json\/wp\/v2\/posts\/92171","targetHints":{"allow":["GET"]}}],"collection":[{"href":"https:\/\/linitiative.ca\/International\/wp-json\/wp\/v2\/posts"}],"about":[{"href":"https:\/\/linitiative.ca\/International\/wp-json\/wp\/v2\/types\/post"}],"author":[{"embeddable":true,"href":"https:\/\/linitiative.ca\/International\/wp-json\/wp\/v2\/users\/1775"}],"replies":[{"embeddable":true,"href":"https:\/\/linitiative.ca\/International\/wp-json\/wp\/v2\/comments?post=92171"}],"version-history":[{"count":0,"href":"https:\/\/linitiative.ca\/International\/wp-json\/wp\/v2\/posts\/92171\/revisions"}],"wp:attachment":[{"href":"https:\/\/linitiative.ca\/International\/wp-json\/wp\/v2\/media?parent=92171"}],"wp:term":[{"taxonomy":"category","embeddable":true,"href":"https:\/\/linitiative.ca\/International\/wp-json\/wp\/v2\/categories?post=92171"},{"taxonomy":"post_tag","embeddable":true,"href":"https:\/\/linitiative.ca\/International\/wp-json\/wp\/v2\/tags?post=92171"}],"curies":[{"name":"wp","href":"https:\/\/api.w.org\/{rel}","templated":true}]}}