{"id":92172,"date":"2020-07-13T13:03:12","date_gmt":"2020-07-13T17:03:12","guid":{"rendered":"https:\/\/linitiative.ca\/International\/lacteur-abdelkader-boudjadja-nest-plus\/"},"modified":"2020-07-13T13:03:12","modified_gmt":"2020-07-13T17:03:12","slug":"lacteur-abdelkader-boudjadja-nest-plus","status":"publish","type":"post","link":"https:\/\/linitiative.ca\/International\/lacteur-abdelkader-boudjadja-nest-plus\/","title":{"rendered":"L&rsquo;acteur Abdelkader Boudjadja n\u2019est plus"},"content":{"rendered":"<p><span class=\"sp-nh-title\">CAF: vers la lev\u00e9e des r\u00e9serves sur le complexe de Rou\u00efba pour la tenue de comp\u00e9titions internationales<\/span> &#8211; <span class=\"sp-nh-date\">lundi 13 juillet 2020 17:34<\/span><\/p>\n<p><span class=\"sp-nh-title\">Le Directeur g\u00e9n\u00e9ral de la s\u00fbret\u00e9 nationale inaugure plusieurs structures de police \u00e0 Oran<\/span> &#8211; <span class=\"sp-nh-date\">lundi 13 juillet 2020 17:26<\/span><\/p>\n<p><span class=\"sp-nh-title\">Coronavirus : 494 nouveaux cas, 276 gu\u00e9risons et 7 d\u00e9c\u00e8s en Alg\u00e9rie durant les derni\u00e8res 24h<\/span> &#8211; <span class=\"sp-nh-date\">lundi 13 juillet 2020 17:24<\/span><\/p>\n<p><span class=\"sp-nh-title\">Chanegriha : Imp\u00e9ratif d&rsquo;adopter des crit\u00e8res objectifs lors de la d\u00e9signation dans les postes et les fonctions<\/span> &#8211; <span class=\"sp-nh-date\">lundi 13 juillet 2020 17:14<\/span><\/p>\n<p><span class=\"sp-nh-title\">SEAAL appelle ses clients \u00e0 s&rsquo;acquitter des 18,7 milliards DA de cr\u00e9ances<\/span> &#8211; <span class=\"sp-nh-date\">lundi 13 juillet 2020 17:08<\/span><\/p>\n<p><span class=\"sp-nh-title\">Ecole: lancement effectif des cours le 4 octobre,un respect strict du protocole sanitaire<\/span> &#8211; <span class=\"sp-nh-date\">lundi 13 juillet 2020 16:59<\/span><\/p>\n<p><span class=\"sp-nh-title\">Foot: Rabah Madjer dans le Top 100 des plus grands footballeurs de l&rsquo;histoire<\/span> &#8211; <span class=\"sp-nh-date\">lundi 13 juillet 2020 16:28<\/span><\/p>\n<p><span class=\"sp-nh-title\">Le Premier ministre \u00e0 Sidi Bel-Abbes : redonner \u00e0 l\u2019agriculture la place qui lui sied<\/span> &#8211; <span class=\"sp-nh-date\">lundi 13 juillet 2020 16:18<\/span><\/p>\n<p><span class=\"sp-nh-title\">Tebboune: la situation financi\u00e8re de l&rsquo;Alg\u00e9rie lui permet d&rsquo;accomplir les r\u00e9formes\u00a0<\/span> &#8211; <span class=\"sp-nh-date\">lundi 13 juillet 2020 16:02<\/span><\/p>\n<p><span class=\"sp-nh-title\">Le Directeur g\u00e9n\u00e9ral de la s\u00fbret\u00e9 nationale inaugure plusieurs structures de police \u00e0 Oran<\/span> &#8211; <span class=\"sp-nh-date\">lundi 13 juillet 2020 15:54<\/span><\/p>\n<p><span class=\"sp-nh-title\">Ouargla : le commissaire divisionnaire Bouziane Bendaida install\u00e9 au poste de chef de s\u00fbret\u00e9 de wilaya<\/span> &#8211; <span class=\"sp-nh-date\">lundi 13 juillet 2020 15:51<\/span><\/p>\n<p><span class=\"sp-nh-title\">Djerad pr\u00e9side une c\u00e9r\u00e9monie de distribution de 1.607 logements \u00e0 Sidi Bel Abb\u00e8s<\/span> &#8211; <span class=\"sp-nh-date\">lundi 13 juillet 2020 15:49<\/span><\/p>\n<p><span class=\"sp-nh-title\">L&rsquo;Alg\u00e9rie et la France pourront avancer, une fois les probl\u00e8mes de m\u00e9moire d\u00e9pass\u00e9s<\/span> &#8211; <span class=\"sp-nh-date\">lundi 13 juillet 2020 15:44<\/span><\/p>\n<p><span class=\"sp-nh-title\">Le Pr\u00e9sident Tebboune re\u00e7oit un appel t\u00e9l\u00e9phonique de son homologue russe Vladimir Poutine<\/span> &#8211; <span class=\"sp-nh-date\">lundi 13 juillet 2020 15:43<\/span><\/p>\n<p><span class=\"sp-nh-title\">Trois casemates pour terroristes et une bombe artisanale d\u00e9truites \u00e0 M\u00e9d\u00e9a et Boumerdes\u00a0<\/span> &#8211; <span class=\"sp-nh-date\">lundi 13 juillet 2020 15:39<\/span><\/p>\n<p><span class=\"sp-nh-title\">Alg\u00e9rie Poste-CNR : un nouveau calendrier pour les pensions de retraite<\/span> &#8211; <span class=\"sp-nh-date\">lundi 13 juillet 2020 15:09<\/span><\/p>\n<p><span class=\"sp-nh-title\">COVID-19 : Adaptation des horaires de confinement partiel \u00e0 domicile dans 9 communes de la wilaya de Biskra<\/span> &#8211; <span class=\"sp-nh-date\">lundi 13 juillet 2020 14:49<\/span><\/p>\n<p><span class=\"sp-nh-title\">Covid-19: le Pr\u00e9sident Tebboune ordonne la mise en place d\u2019une commission d\u2019\u00e9valuation de l&rsquo;impact \u00e9conomique<\/span> &#8211; <span class=\"sp-nh-date\">lundi 13 juillet 2020 14:33<\/span><\/p>\n<p><span class=\"sp-nh-title\">Pand\u00e9mie de coronavirus: 569.135 d\u00e9c\u00e8s dans le monde<\/span> &#8211; <span class=\"sp-nh-date\">lundi 13 juillet 2020 14:27<\/span><\/p>\n<p><span class=\"sp-nh-title\">Le Premier ministre inspecte la nouvelle cit\u00e9 1200 logements AADL \u00e0 Sid Bel Abb\u00e8s<\/span> &#8211; <span class=\"sp-nh-date\">lundi 13 juillet 2020 14:17<\/span><\/p>\n<p>Auteur:<br \/>\n<a href=\"http:\/\/www.aps.dz\/culture\/107305-l-acteur-abdelkader-boudjadja-n-est-plus\">Cliquez ici pour lire l&rsquo;article depuis sa source.<\/a><\/p>\n","protected":false},"excerpt":{"rendered":"<p>CAF: vers la lev\u00e9e des r\u00e9serves sur le complexe de Rou\u00efba pour la tenue de comp\u00e9titions internationales &#8211; lundi 13 juillet 2020 17:34 Le Directeur g\u00e9n\u00e9ral de la s\u00fbret\u00e9 nationale inaugure plusieurs structures de police \u00e0 Oran &#8211; lundi 13 juillet 2020 17:26 Coronavirus : 494 nouveaux cas, 276 gu\u00e9risons et 7 d\u00e9c\u00e8s en Alg\u00e9rie [&hellip;]<\/p>\n","protected":false},"author":1790,"featured_media":0,"comment_status":"closed","ping_status":"closed","sticky":false,"template":"","format":"standard","meta":{"fifu_image_url":"","fifu_image_alt":"","footnotes":""},"categories":[53,79],"tags":[],"class_list":["post-92172","post","type-post","status-publish","format-standard","hentry","category-algerie","category-culture"],"_links":{"self":[{"href":"https:\/\/linitiative.ca\/International\/wp-json\/wp\/v2\/posts\/92172","targetHints":{"allow":["GET"]}}],"collection":[{"href":"https:\/\/linitiative.ca\/International\/wp-json\/wp\/v2\/posts"}],"about":[{"href":"https:\/\/linitiative.ca\/International\/wp-json\/wp\/v2\/types\/post"}],"author":[{"embeddable":true,"href":"https:\/\/linitiative.ca\/International\/wp-json\/wp\/v2\/users\/1790"}],"replies":[{"embeddable":true,"href":"https:\/\/linitiative.ca\/International\/wp-json\/wp\/v2\/comments?post=92172"}],"version-history":[{"count":0,"href":"https:\/\/linitiative.ca\/International\/wp-json\/wp\/v2\/posts\/92172\/revisions"}],"wp:attachment":[{"href":"https:\/\/linitiative.ca\/International\/wp-json\/wp\/v2\/media?parent=92172"}],"wp:term":[{"taxonomy":"category","embeddable":true,"href":"https:\/\/linitiative.ca\/International\/wp-json\/wp\/v2\/categories?post=92172"},{"taxonomy":"post_tag","embeddable":true,"href":"https:\/\/linitiative.ca\/International\/wp-json\/wp\/v2\/tags?post=92172"}],"curies":[{"name":"wp","href":"https:\/\/api.w.org\/{rel}","templated":true}]}}