{"id":92181,"date":"2020-07-13T14:02:04","date_gmt":"2020-07-13T18:02:04","guid":{"rendered":"https:\/\/linitiative.ca\/International\/reunion-du-cpdh-sur-la-mise-en-oeuvre-des-programmes-de-lindh\/"},"modified":"2020-07-13T14:02:04","modified_gmt":"2020-07-13T18:02:04","slug":"reunion-du-cpdh-sur-la-mise-en-oeuvre-des-programmes-de-lindh","status":"publish","type":"post","link":"https:\/\/linitiative.ca\/International\/reunion-du-cpdh-sur-la-mise-en-oeuvre-des-programmes-de-lindh\/","title":{"rendered":"R\u00e9union du CPDH sur la mise en \u0153uvre des programmes de l\u2019INDH"},"content":{"rendered":"<div readability=\"34\">\n<p>Chichaoua \u2013 Le Comit\u00e9 Provincial du D\u00e9veloppement Humain (CPDH) de Chichaoua a tenu r\u00e9cemment une r\u00e9union consacr\u00e9e \u00e0 l\u2019examen des moyens de mise en \u0153uvre des programmes inscrits dans le cadre de la 3\u00e8me phase de l\u2019Initiative Nationale pour le D\u00e9veloppement Humain (2019-2023).<\/p>\n<\/div>\n<div readability=\"80\">\n<p>Tenue sous la pr\u00e9sidence du gouverneur de la province et pr\u00e9sident du CPDH, M. Bouabid El Guerrab, cette r\u00e9union a \u00e9t\u00e9 consacr\u00e9e \u00e0 l\u2019examen du programme de r\u00e9duction\u00a0du d\u00e9ficit enregistr\u00e9 au niveau des\u00a0infrastructures et services de base dans les espaces territoriaux sous-\u00e9quip\u00e9s, le programme d\u2019accompagnement des personnes en situation de pr\u00e9carit\u00e9 au titre de 2020 ainsi que le programme \u00ab\u00a0impulsion du Capital Humain chez les g\u00e9n\u00e9rations montantes\u00a0\u00bb.<\/p>\n<p>Intervenant \u00e0 cette occasion, M. El Guerrab a rappel\u00e9 que cette r\u00e9union du CPDH, est la premi\u00e8re au titre de 2020, et s\u2019inscrit en droite ligne de la nouvelle vision annonc\u00e9e par Sa Majest\u00e9 le Roi Mohammed VI.<\/p>\n<p>Il a appel\u00e9 les diff\u00e9rents intervenants, dont les autorit\u00e9s locales, les services ext\u00e9rieurs, les \u00e9lus, la soci\u00e9t\u00e9 civile et les op\u00e9rateurs \u00e9conomiques \u00e0 doubler d\u2019efforts en vue de promouvoir le capital humain et de soutenir les cat\u00e9gories sociales en situation de pr\u00e9carit\u00e9.<\/p>\n<p>M. El Guerrab s\u2019est dit aussi en faveur de l\u2019adoption d\u2019une nouvelle g\u00e9n\u00e9ration d\u2019initiatives g\u00e9n\u00e9ratrices de revenus et cr\u00e9atrices d\u2019emplois selon la nouvelle approche de la 3\u00e8me phase de l\u2019INDH lanc\u00e9e en septembre 2018 par Sa Majest\u00e9 le Roi Mohammed VI.<\/p>\n<p>Lors de cette r\u00e9union, le pr\u00e9sident de la division de l\u2019action sociale (DAS) relevant de la province de Chichaoua,\u00a0 M.Salem Loudini, a pr\u00e9sent\u00e9 un expos\u00e9 d\u00e9taill\u00e9 sur les grandes lignes relatifs \u00e0 ces programmes, notamment la contribution de l\u2019INDH aux efforts de lutte contre la pand\u00e9mie du coronavirus (Covid-19) et son impact sur les cat\u00e9gories sociales en situation de pr\u00e9carit\u00e9 notamment, les femmes enceintes.<\/p>\n<p>Il a, en outre mis l\u2019accent, sur les programmes de construction et de mise \u00e0 niveau des unit\u00e9s de l\u2019enseignement pr\u00e9scolaire au titre de 2020, le projet du programme de soutien scolaire au titre de 2020, en plus de l\u2019Initiative Royale \u00ab\u00a0Un million de cartables\u00a0\u00bb au titre de l\u2019ann\u00e9e 2020.<\/p>\n<p>Lors de cette r\u00e9union, les membres du CPDH ont approuv\u00e9 \u00e0 l\u2019unanimit\u00e9 tous les points inscrits \u00e0 l\u2019ordre du jour.<\/p>\n<\/div>\n<p>Auteur: Meriem IGASS<br \/>\n<a href=\"http:\/\/www.mapmarrakech.ma\/fr\/reunion-du-cpdh-sur-la-mise-en-oeuvre-des-programmes-de-lindh\/\">Cliquez ici pour lire l&rsquo;article depuis sa source.<\/a><\/p>\n","protected":false},"excerpt":{"rendered":"<p>Chichaoua \u2013 Le Comit\u00e9 Provincial du D\u00e9veloppement Humain (CPDH) de Chichaoua a tenu r\u00e9cemment une r\u00e9union consacr\u00e9e \u00e0 l\u2019examen des moyens de mise en \u0153uvre des programmes inscrits dans le cadre de la 3\u00e8me phase de l\u2019Initiative Nationale pour le D\u00e9veloppement Humain (2019-2023). Tenue sous la pr\u00e9sidence du gouverneur de la province et pr\u00e9sident du [&hellip;]<\/p>\n","protected":false},"author":1788,"featured_media":0,"comment_status":"closed","ping_status":"closed","sticky":false,"template":"","format":"standard","meta":{"fifu_image_url":"","fifu_image_alt":"","footnotes":""},"categories":[54,76],"tags":[],"class_list":["post-92181","post","type-post","status-publish","format-standard","hentry","category-maroc","category-regions"],"_links":{"self":[{"href":"https:\/\/linitiative.ca\/International\/wp-json\/wp\/v2\/posts\/92181","targetHints":{"allow":["GET"]}}],"collection":[{"href":"https:\/\/linitiative.ca\/International\/wp-json\/wp\/v2\/posts"}],"about":[{"href":"https:\/\/linitiative.ca\/International\/wp-json\/wp\/v2\/types\/post"}],"author":[{"embeddable":true,"href":"https:\/\/linitiative.ca\/International\/wp-json\/wp\/v2\/users\/1788"}],"replies":[{"embeddable":true,"href":"https:\/\/linitiative.ca\/International\/wp-json\/wp\/v2\/comments?post=92181"}],"version-history":[{"count":0,"href":"https:\/\/linitiative.ca\/International\/wp-json\/wp\/v2\/posts\/92181\/revisions"}],"wp:attachment":[{"href":"https:\/\/linitiative.ca\/International\/wp-json\/wp\/v2\/media?parent=92181"}],"wp:term":[{"taxonomy":"category","embeddable":true,"href":"https:\/\/linitiative.ca\/International\/wp-json\/wp\/v2\/categories?post=92181"},{"taxonomy":"post_tag","embeddable":true,"href":"https:\/\/linitiative.ca\/International\/wp-json\/wp\/v2\/tags?post=92181"}],"curies":[{"name":"wp","href":"https:\/\/api.w.org\/{rel}","templated":true}]}}