{"id":92188,"date":"2020-07-12T20:57:08","date_gmt":"2020-07-13T00:57:08","guid":{"rendered":"https:\/\/linitiative.ca\/International\/ouverture-a-ain-beni-mathar-dun-marche-aux-bestiaux-pilote\/"},"modified":"2020-07-12T20:57:08","modified_gmt":"2020-07-13T00:57:08","slug":"ouverture-a-ain-beni-mathar-dun-marche-aux-bestiaux-pilote","status":"publish","type":"post","link":"https:\/\/linitiative.ca\/International\/ouverture-a-ain-beni-mathar-dun-marche-aux-bestiaux-pilote\/","title":{"rendered":"Ouverture \u00e0 A\u00efn B\u00e9ni Mathar d\u2019un march\u00e9 aux bestiaux pilote"},"content":{"rendered":"<p class=\"c4\">Le Secr\u00e9taire g\u00e9n\u00e9ral du minist\u00e8re de l\u2019Agriculture, de la P\u00eache maritime, du D\u00e9veloppement rural et des Eaux et For\u00eats, Mohammed Sadiki, a pr\u00e9sid\u00e9, dimanche \u00e0 la commune de A\u00efn B\u00e9ni Mathar dans la province de Jerada, la c\u00e9r\u00e9monie d\u2019ouverture d\u2019un march\u00e9 aux bestiaux pilote.<\/p>\n<p class=\"c4\">R\u00e9pondant aux mesures sanitaires et de pr\u00e9vention d\u00e9cr\u00e9t\u00e9es par les autorit\u00e9s comp\u00e9tentes en ces temps de coronavirus (Covid-19), ce march\u00e9 pilote, le deuxi\u00e8me au niveau national apr\u00e8s celui d\u2019Azrou, a \u00e9t\u00e9 ouvert aux \u00e9leveurs en pr\u00e9sence notamment du gouverneur de la province de Jerada, Mabrouk Tabet, d\u2019\u00e9lus et d\u2019autres personnalit\u00e9s.<\/p>\n<p class=\"c4\">Etal\u00e9e sur une superficie de 2,54 hectares, cette structure, am\u00e9nag\u00e9e dans le cadre d\u2019un partenariat entre le minist\u00e8re de l\u2019Agriculture, la Conf\u00e9d\u00e9ration marocaine de l\u2019agriculture et du d\u00e9veloppement rural (Comader) et les autorit\u00e9s locales, comprend notamment quelque 168 box pour bovins, ovins et caprins avec une capacit\u00e9 globale de 12.000 t\u00eates d\u2019ovins et caprins, et pouvant accueillir jusqu\u2019\u00e0 1600 visiteurs.<\/p>\n<p class=\"c4\">L\u2019ouverture de ce march\u00e9 pilote \u00e0 l\u2019approche de l\u2019Aid Al Fitr est de nature \u00e0 r\u00e9pondre aux attentes des \u00e9leveurs qui ont \u00e9t\u00e9 fortement affect\u00e9s par la pand\u00e9mie du coronavirus, en ce sens qu\u2019ils ne disposaient pas de lieux pour la vente du b\u00e9tail dans de bonnes conditions.<\/p>\n<p class=\"c4\">M. Sadiki a soulign\u00e9 \u00e0 cette occasion que le minist\u00e8re de la l\u2019Agriculture, en coop\u00e9ration avec le minist\u00e8re de l\u2019Int\u00e9rieur, s\u2019est attel\u00e9 \u00e0 l\u2019ouverture de ces deux march\u00e9s pilotes en cette p\u00e9riode de pand\u00e9mie afin de maintenir l\u2019activit\u00e9 d\u2019\u00e9levage eu \u00e9gard \u00e0 son extr\u00eame importance pour les \u00e9leveurs et pour l\u2019emploi, en sus de sa contribution \u00e0 l\u2019\u00e9conomie nationale et \u00e0 la s\u00e9curit\u00e9 alimentaire.<\/p>\n<p class=\"c4\">Ces march\u00e9s sont qualifi\u00e9s de pilotes dans la mesure o\u00f9 ils permettent le respect des normes sanitaires et de pr\u00e9vention et se distinguent par l\u2019am\u00e9lioration de la qualit\u00e9 des \u00e9quipements mis en place pour r\u00e9unir les conditions de confort tant pour les \u00e9leveurs que pour leur b\u00e9tail, a-t-il poursuivi dans une d\u00e9claration \u00e0 la presse, \u00e9mettant le souhait que cette exp\u00e9rience soit g\u00e9n\u00e9ralis\u00e9e au niveau d\u2019autres r\u00e9gions et communes du Royaume.<\/p>\n<p><img class=\"wp-image-22632 aligncenter\" data-src=\"http:\/\/www.mapoujda.ma\/map\/uploads\/2020\/07\/Mohammed-Sadiki-suit-des-explications-sur-le-march&#xE9;-aux-bestiaux-M750&#xD7;430-MAP.jpg\" alt=\"\" width=\"576\" height=\"330\" srcset=\"http:\/\/www.mapoujda.ma\/map\/uploads\/2020\/07\/Mohammed-Sadiki-suit-des-explications-sur-le-march&#xE9;-aux-bestiaux-M750&#xD7;430-MAP.jpg 750w, http:\/\/www.mapoujda.ma\/map\/uploads\/2020\/07\/Mohammed-Sadiki-suit-des-explications-sur-le-march&#xE9;-aux-bestiaux-M750&#xD7;430-MAP-300x172.jpg 300w\" sizes=\"(max-width: 576px) 100vw, 576px\"\/><\/p>\n<p class=\"c4\">M. Sadiki a tenu \u00e0 pr\u00e9ciser que cette initiative s\u2019inscrit dans le cadre des mesures prises dans le cadre de cette situation exceptionnelle li\u00e9e au Covid-19, mais aussi dans le sillage de la mise en application de la strat\u00e9gie \u2019\u2019G\u00e9n\u00e9ration Green 2020-2030\u2019\u2019, lanc\u00e9e par SM le Roi Mohammed VI en f\u00e9vrier dernier, relevant que la commercialisation et la structuration des march\u00e9s de gros et des souks traditionnels constituent un pilier important dans cette nouvelle strat\u00e9gie ambitieuse.<\/p>\n<p class=\"c4\">De son c\u00f4t\u00e9, le premier vice-pr\u00e9sident de la Conf\u00e9d\u00e9ration marocaine de l\u2019agriculture et du d\u00e9veloppement rural (Comader), Rachid Benali a indiqu\u00e9 que ce march\u00e9 pilote se caract\u00e9rise par sa grande capacit\u00e9 (12.000 \u00e0 15.000 t\u00eates de b\u00e9tail le jour du souk), notant dans ce sens que l\u2019\u00e9levage est une activit\u00e9 tr\u00e8s r\u00e9pandue dans la province de Jerada qui compte quelque 524.000 t\u00eates de caprins et d\u2019ovins.<\/p>\n<p class=\"c4\">Et d\u2019ajouter que ce march\u00e9 servira de mod\u00e8le pour les autres souks de la r\u00e9gion afin d\u2019offrir aux \u00e9leveurs des structures et des lieux de vente qui r\u00e9pondent \u00e0 toutes les normes sanitaires et de pr\u00e9vention, faisant savoir que le prochain march\u00e9 aux bestiaux pilote sera ouvert \u00e0 Berrechid ou Taroudant.<\/p>\n<p class=\"c4\">Le nouveau march\u00e9 se caract\u00e9rise par des installations qui permettent une \u00e9volution des souks de b\u00e9tail hebdomadaires vers des march\u00e9s \u00e0 bestiaux modernes, am\u00e9nag\u00e9s et dot\u00e9s d\u2019\u00e9quipements \u00e0 m\u00eame de valoriser au mieux le potentiel g\u00e9n\u00e9tique du b\u00e9tail et cr\u00e9er une v\u00e9ritable bourse des prix.<\/p>\n<p class=\"c4\">La Comader avait expliqu\u00e9 dans un communiqu\u00e9 que les march\u00e9s \u00e0 bestiaux pilotes sont cl\u00f4tur\u00e9s dans une zone \u00e9lectrifi\u00e9e, proche d\u2019une adduction d\u2019eau potable, encadr\u00e9s par des aires de circulation visiblement trac\u00e9es et dot\u00e9s de box individuels o\u00f9 chaque \u00e9leveur met \u00e0 la vente ses animaux (bovins, ovins, caprins).<\/p>\n<p class=\"c4\">Ils disposent \u00e9galement de blocs sanitaires \u00e0 l\u2019entr\u00e9e et \u00e0 la sortie des souks avec installation de points d\u2019eau, ainsi que d\u2019un pont bascule pour la pes\u00e9e des animaux et permettent l\u2019acc\u00e8s aux souks seulement aux animaux identifi\u00e9s (portant des boucles).<\/p>\n<p>Auteur: Soufiane ELAHMAR<br \/>\n<a href=\"http:\/\/www.mapoujda.ma\/fr\/ouverture-a-ain-beni-mathar-dun-marche-aux-bestiaux-pilote\/\">Cliquez ici pour lire l&rsquo;article depuis sa source.<\/a><\/p>\n","protected":false},"excerpt":{"rendered":"<p>Le Secr\u00e9taire g\u00e9n\u00e9ral du minist\u00e8re de l\u2019Agriculture, de la P\u00eache maritime, du D\u00e9veloppement rural et des Eaux et For\u00eats, Mohammed Sadiki, a pr\u00e9sid\u00e9, dimanche \u00e0 la commune de A\u00efn B\u00e9ni Mathar dans la province de Jerada, la c\u00e9r\u00e9monie d\u2019ouverture d\u2019un march\u00e9 aux bestiaux pilote. R\u00e9pondant aux mesures sanitaires et de pr\u00e9vention d\u00e9cr\u00e9t\u00e9es par les autorit\u00e9s [&hellip;]<\/p>\n","protected":false},"author":1788,"featured_media":92189,"comment_status":"closed","ping_status":"closed","sticky":false,"template":"","format":"standard","meta":{"fifu_image_url":"","fifu_image_alt":"","footnotes":""},"categories":[54,76],"tags":[],"class_list":["post-92188","post","type-post","status-publish","format-standard","has-post-thumbnail","hentry","category-maroc","category-regions"],"_links":{"self":[{"href":"https:\/\/linitiative.ca\/International\/wp-json\/wp\/v2\/posts\/92188","targetHints":{"allow":["GET"]}}],"collection":[{"href":"https:\/\/linitiative.ca\/International\/wp-json\/wp\/v2\/posts"}],"about":[{"href":"https:\/\/linitiative.ca\/International\/wp-json\/wp\/v2\/types\/post"}],"author":[{"embeddable":true,"href":"https:\/\/linitiative.ca\/International\/wp-json\/wp\/v2\/users\/1788"}],"replies":[{"embeddable":true,"href":"https:\/\/linitiative.ca\/International\/wp-json\/wp\/v2\/comments?post=92188"}],"version-history":[{"count":0,"href":"https:\/\/linitiative.ca\/International\/wp-json\/wp\/v2\/posts\/92188\/revisions"}],"wp:featuredmedia":[{"embeddable":true,"href":"https:\/\/linitiative.ca\/International\/wp-json\/"}],"wp:attachment":[{"href":"https:\/\/linitiative.ca\/International\/wp-json\/wp\/v2\/media?parent=92188"}],"wp:term":[{"taxonomy":"category","embeddable":true,"href":"https:\/\/linitiative.ca\/International\/wp-json\/wp\/v2\/categories?post=92188"},{"taxonomy":"post_tag","embeddable":true,"href":"https:\/\/linitiative.ca\/International\/wp-json\/wp\/v2\/tags?post=92188"}],"curies":[{"name":"wp","href":"https:\/\/api.w.org\/{rel}","templated":true}]}}