{"id":92190,"date":"2020-07-13T11:11:52","date_gmt":"2020-07-13T15:11:52","guid":{"rendered":"https:\/\/linitiative.ca\/International\/bonnes-perspectives-pour-le-marche-de-la-dette-privee\/"},"modified":"2020-07-13T11:11:52","modified_gmt":"2020-07-13T15:11:52","slug":"bonnes-perspectives-pour-le-marche-de-la-dette-privee","status":"publish","type":"post","link":"https:\/\/linitiative.ca\/International\/bonnes-perspectives-pour-le-marche-de-la-dette-privee\/","title":{"rendered":"Bonnes perspectives pour le march\u00e9 de la dette priv\u00e9e"},"content":{"rendered":"<div class=\"body\">\n<div class=\"field field-name-body field-type-text-with-summary field-label-hidden\">\n<div class=\"field-items\" readability=\"11\">\n<div class=\"field-item even\" property=\"content:encoded\" readability=\"17\">\n<p class=\"rtejustify\">Selon\u00a0 CDG Capital, \u00ables perspectives s\u2019affichent prometteuses compte tenu, de l\u2019importance des retomb\u00e9es, particuli\u00e8rement en 2020, ainsi que l\u2019am\u00e9lioration des conditions de financement\u00bb. De plus, le march\u00e9 b\u00e9n\u00e9ficiera de la bonne orientation de certaines variables, sous l\u2019effet de la pand\u00e9mie Covid-19, principalement le fort creusement pr\u00e9vu du d\u00e9ficit de liquidit\u00e9 bancaire et la hausse des besoins de financement des entreprises et \u00e9tablissements publics.<br \/><em>M.A.B.<\/em><\/p>\n<\/div>\n<\/div>\n<\/div>\n<\/div>\n<div class=\"eco-conseil\">\n<div class=\"view view-eco-conseil-16 view-id-eco_conseil_16 view-display-id-cookies view-dom-id-c88fff911747bfcf3ec91a3c2c0098bf\">\n<div class=\"view-content\">\n<div id=\"views-bootstrap-grid-1\" class=\"views-bootstrap-grid-plugin-style\">\n<div class=\"row\">\n<div class=\" col-xs-12 col-lg-4\">\n<div class=\"row\">\n<div class=\"col col-xs-12 col-lg-12\">\n<div class=\"field-content\"><a href=\"\/article\/1064654-ram-renforce-ses-frequences-casa-dakhla-et-casa-laaayoune\"><img loading=\"lazy\" decoding=\"async\" class=\"img-responsive\" typeof=\"foaf:Image\" src=\"https:\/\/www.leconomiste.com\/sites\/default\/files\/eco7\/public\/styles\/800x400\/public\/default_images\/default_une.jpg?itok=4jZlgnIZ\" width=\"660\" height=\"330\" alt=\"\"\/><\/a><\/div>\n<\/div>\n<div class=\" title_suite_2 col col-xs-12 col-lg-12\"> <a href=\"\/article\/1064654-ram-renforce-ses-frequences-casa-dakhla-et-casa-laaayoune\"\/><span class=\"field-content\">RAM renforce ses fr\u00e9quences Casa-Dakhla et Casa-Laa\u00e2youne<\/span><\/div>\n<\/div>\n<\/div>\n<div class=\" col-xs-12 col-lg-4\">\n<div class=\"row\">\n<div class=\"col col-xs-12 col-lg-12\">\n<div class=\"field-content\"><a href=\"\/article\/1064653-ocp-rabat-accueille-l-um6p-en-septembre\"><img loading=\"lazy\" decoding=\"async\" class=\"img-responsive\" typeof=\"foaf:Image\" src=\"https:\/\/www.leconomiste.com\/sites\/default\/files\/eco7\/public\/styles\/800x400\/public\/default_images\/default_une.jpg?itok=4jZlgnIZ\" width=\"660\" height=\"330\" alt=\"\"\/><\/a><\/div>\n<\/div>\n<div class=\" title_suite_2 col col-xs-12 col-lg-12\"> <a href=\"\/article\/1064653-ocp-rabat-accueille-l-um6p-en-septembre\"\/><span class=\"field-content\"> OCP: Rabat accueille l&rsquo;UM6P en septembre<\/span><\/div>\n<\/div>\n<\/div>\n<div class=\" col-xs-12 col-lg-4\">\n<div class=\"row\">\n<div class=\"col col-xs-12 col-lg-12\">\n<div class=\"field-content\"><a href=\"\/article\/1064652-ouverture-partielle-des-frontieres-les-agences-de-voyages-exclues\"><img loading=\"lazy\" decoding=\"async\" class=\"img-responsive\" typeof=\"foaf:Image\" src=\"https:\/\/www.leconomiste.com\/sites\/default\/files\/eco7\/public\/styles\/800x400\/public\/default_images\/default_une.jpg?itok=4jZlgnIZ\" width=\"660\" height=\"330\" alt=\"\"\/><\/a><\/div>\n<\/div>\n<div class=\" title_suite_2 col col-xs-12 col-lg-12\"> <a href=\"\/article\/1064652-ouverture-partielle-des-frontieres-les-agences-de-voyages-exclues\"\/><span class=\"field-content\">Ouverture partielle des fronti\u00e8res: Les agences de voyages exclues<\/span><\/div>\n<\/div>\n<\/div>\n<\/div>\n<\/div>\n<\/div>\n<\/div>\n<\/div>\n<p>Auteur: hlafriqi<br \/>\n<a href=\"https:\/\/www.leconomiste.com\/article\/1064650-bonnes-perspectives-pour-le-marche-de-la-dette-privee\">Cliquez ici pour lire l&rsquo;article depuis sa source.<\/a><\/p>\n","protected":false},"excerpt":{"rendered":"<p>Selon\u00a0 CDG Capital, \u00ables perspectives s\u2019affichent prometteuses compte tenu, de l\u2019importance des retomb\u00e9es, particuli\u00e8rement en 2020, ainsi que l\u2019am\u00e9lioration des conditions de financement\u00bb. De plus, le march\u00e9 b\u00e9n\u00e9ficiera de la bonne orientation de certaines variables, sous l\u2019effet de la pand\u00e9mie Covid-19, principalement le fort creusement pr\u00e9vu du d\u00e9ficit de liquidit\u00e9 bancaire et la hausse des [&hellip;]<\/p>\n","protected":false},"author":1763,"featured_media":0,"comment_status":"closed","ping_status":"closed","sticky":false,"template":"","format":"standard","meta":{"fifu_image_url":"","fifu_image_alt":"","footnotes":""},"categories":[78,54],"tags":[],"class_list":["post-92190","post","type-post","status-publish","format-standard","hentry","category-economie","category-maroc"],"_links":{"self":[{"href":"https:\/\/linitiative.ca\/International\/wp-json\/wp\/v2\/posts\/92190","targetHints":{"allow":["GET"]}}],"collection":[{"href":"https:\/\/linitiative.ca\/International\/wp-json\/wp\/v2\/posts"}],"about":[{"href":"https:\/\/linitiative.ca\/International\/wp-json\/wp\/v2\/types\/post"}],"author":[{"embeddable":true,"href":"https:\/\/linitiative.ca\/International\/wp-json\/wp\/v2\/users\/1763"}],"replies":[{"embeddable":true,"href":"https:\/\/linitiative.ca\/International\/wp-json\/wp\/v2\/comments?post=92190"}],"version-history":[{"count":0,"href":"https:\/\/linitiative.ca\/International\/wp-json\/wp\/v2\/posts\/92190\/revisions"}],"wp:attachment":[{"href":"https:\/\/linitiative.ca\/International\/wp-json\/wp\/v2\/media?parent=92190"}],"wp:term":[{"taxonomy":"category","embeddable":true,"href":"https:\/\/linitiative.ca\/International\/wp-json\/wp\/v2\/categories?post=92190"},{"taxonomy":"post_tag","embeddable":true,"href":"https:\/\/linitiative.ca\/International\/wp-json\/wp\/v2\/tags?post=92190"}],"curies":[{"name":"wp","href":"https:\/\/api.w.org\/{rel}","templated":true}]}}