{"id":92191,"date":"2020-07-13T11:12:52","date_gmt":"2020-07-13T15:12:52","guid":{"rendered":"https:\/\/linitiative.ca\/International\/enquete-cgem-sur-les-impacts-economiques-covid-19\/"},"modified":"2020-07-13T11:12:52","modified_gmt":"2020-07-13T15:12:52","slug":"enquete-cgem-sur-les-impacts-economiques-covid-19","status":"publish","type":"post","link":"https:\/\/linitiative.ca\/International\/enquete-cgem-sur-les-impacts-economiques-covid-19\/","title":{"rendered":"Enqu\u00eate CGEM sur les impacts \u00e9conomiques Covid-19"},"content":{"rendered":"<div class=\"body\">\n<div class=\"field field-name-body field-type-text-with-summary field-label-hidden\">\n<div class=\"field-items\" readability=\"8\">\n<div class=\"field-item even\" property=\"content:encoded\" readability=\"11\">\n<p class=\"rtejustify\">Apr\u00e8s avoir r\u00e9alis\u00e9 son barom\u00e8tre sur les impacts \u00e9conomiques de la crise sanitaire en avril dernier, la CGEM lance une deuxi\u00e8me enqu\u00eate pour d\u00e9terminer l\u2019\u00e9volution des retomb\u00e9es du coronavirus sur les activit\u00e9s de ses membres au 31 mai. Le dernier d\u00e9lai pour y participer expire ce lundi 13 juillet \u00e0 18h.<br \/><em>H.E.<\/em><\/p>\n<\/div>\n<\/div>\n<\/div>\n<\/div>\n<div class=\"eco-conseil\">\n<div class=\"view view-eco-conseil-16 view-id-eco_conseil_16 view-display-id-cookies view-dom-id-3d870d72fb7dfa9d72512f710ec3b97a\">\n<div class=\"view-content\">\n<div id=\"views-bootstrap-grid-1\" class=\"views-bootstrap-grid-plugin-style\">\n<div class=\"row\">\n<div class=\" col-xs-12 col-lg-4\">\n<div class=\"row\">\n<div class=\"col col-xs-12 col-lg-12\">\n<div class=\"field-content\"><a href=\"\/article\/1064654-ram-renforce-ses-frequences-casa-dakhla-et-casa-laaayoune\"><img loading=\"lazy\" decoding=\"async\" class=\"img-responsive\" typeof=\"foaf:Image\" src=\"https:\/\/www.leconomiste.com\/sites\/default\/files\/eco7\/public\/styles\/800x400\/public\/default_images\/default_une.jpg?itok=4jZlgnIZ\" width=\"660\" height=\"330\" alt=\"\"\/><\/a><\/div>\n<\/div>\n<div class=\" title_suite_2 col col-xs-12 col-lg-12\"> <a href=\"\/article\/1064654-ram-renforce-ses-frequences-casa-dakhla-et-casa-laaayoune\"\/><span class=\"field-content\">RAM renforce ses fr\u00e9quences Casa-Dakhla et Casa-Laa\u00e2youne<\/span><\/div>\n<\/div>\n<\/div>\n<div class=\" col-xs-12 col-lg-4\">\n<div class=\"row\">\n<div class=\"col col-xs-12 col-lg-12\">\n<div class=\"field-content\"><a href=\"\/article\/1064653-ocp-rabat-accueille-l-um6p-en-septembre\"><img loading=\"lazy\" decoding=\"async\" class=\"img-responsive\" typeof=\"foaf:Image\" src=\"https:\/\/www.leconomiste.com\/sites\/default\/files\/eco7\/public\/styles\/800x400\/public\/default_images\/default_une.jpg?itok=4jZlgnIZ\" width=\"660\" height=\"330\" alt=\"\"\/><\/a><\/div>\n<\/div>\n<div class=\" title_suite_2 col col-xs-12 col-lg-12\"> <a href=\"\/article\/1064653-ocp-rabat-accueille-l-um6p-en-septembre\"\/><span class=\"field-content\"> OCP: Rabat accueille l&rsquo;UM6P en septembre<\/span><\/div>\n<\/div>\n<\/div>\n<div class=\" col-xs-12 col-lg-4\">\n<div class=\"row\">\n<div class=\"col col-xs-12 col-lg-12\">\n<div class=\"field-content\"><a href=\"\/article\/1064652-ouverture-partielle-des-frontieres-les-agences-de-voyages-exclues\"><img loading=\"lazy\" decoding=\"async\" class=\"img-responsive\" typeof=\"foaf:Image\" src=\"https:\/\/www.leconomiste.com\/sites\/default\/files\/eco7\/public\/styles\/800x400\/public\/default_images\/default_une.jpg?itok=4jZlgnIZ\" width=\"660\" height=\"330\" alt=\"\"\/><\/a><\/div>\n<\/div>\n<div class=\" title_suite_2 col col-xs-12 col-lg-12\"> <a href=\"\/article\/1064652-ouverture-partielle-des-frontieres-les-agences-de-voyages-exclues\"\/><span class=\"field-content\">Ouverture partielle des fronti\u00e8res: Les agences de voyages exclues<\/span><\/div>\n<\/div>\n<\/div>\n<\/div>\n<\/div>\n<\/div>\n<\/div>\n<\/div>\n<p>Auteur: hlafriqi<br \/>\n<a href=\"https:\/\/www.leconomiste.com\/article\/1064651-enquete-cgem-sur-les-impacts-economiques-covid-19\">Cliquez ici pour lire l&rsquo;article depuis sa source.<\/a><\/p>\n","protected":false},"excerpt":{"rendered":"<p>Apr\u00e8s avoir r\u00e9alis\u00e9 son barom\u00e8tre sur les impacts \u00e9conomiques de la crise sanitaire en avril dernier, la CGEM lance une deuxi\u00e8me enqu\u00eate pour d\u00e9terminer l\u2019\u00e9volution des retomb\u00e9es du coronavirus sur les activit\u00e9s de ses membres au 31 mai. Le dernier d\u00e9lai pour y participer expire ce lundi 13 juillet \u00e0 18h.H.E. RAM renforce ses fr\u00e9quences [&hellip;]<\/p>\n","protected":false},"author":1763,"featured_media":0,"comment_status":"closed","ping_status":"closed","sticky":false,"template":"","format":"standard","meta":{"fifu_image_url":"","fifu_image_alt":"","footnotes":""},"categories":[78,54],"tags":[],"class_list":["post-92191","post","type-post","status-publish","format-standard","hentry","category-economie","category-maroc"],"_links":{"self":[{"href":"https:\/\/linitiative.ca\/International\/wp-json\/wp\/v2\/posts\/92191","targetHints":{"allow":["GET"]}}],"collection":[{"href":"https:\/\/linitiative.ca\/International\/wp-json\/wp\/v2\/posts"}],"about":[{"href":"https:\/\/linitiative.ca\/International\/wp-json\/wp\/v2\/types\/post"}],"author":[{"embeddable":true,"href":"https:\/\/linitiative.ca\/International\/wp-json\/wp\/v2\/users\/1763"}],"replies":[{"embeddable":true,"href":"https:\/\/linitiative.ca\/International\/wp-json\/wp\/v2\/comments?post=92191"}],"version-history":[{"count":0,"href":"https:\/\/linitiative.ca\/International\/wp-json\/wp\/v2\/posts\/92191\/revisions"}],"wp:attachment":[{"href":"https:\/\/linitiative.ca\/International\/wp-json\/wp\/v2\/media?parent=92191"}],"wp:term":[{"taxonomy":"category","embeddable":true,"href":"https:\/\/linitiative.ca\/International\/wp-json\/wp\/v2\/categories?post=92191"},{"taxonomy":"post_tag","embeddable":true,"href":"https:\/\/linitiative.ca\/International\/wp-json\/wp\/v2\/tags?post=92191"}],"curies":[{"name":"wp","href":"https:\/\/api.w.org\/{rel}","templated":true}]}}