{"id":92192,"date":"2020-07-13T11:14:09","date_gmt":"2020-07-13T15:14:09","guid":{"rendered":"https:\/\/linitiative.ca\/International\/ouverture-partielle-des-frontieres-les-agences-de-voyages-exclues\/"},"modified":"2020-07-13T11:14:09","modified_gmt":"2020-07-13T15:14:09","slug":"ouverture-partielle-des-frontieres-les-agences-de-voyages-exclues","status":"publish","type":"post","link":"https:\/\/linitiative.ca\/International\/ouverture-partielle-des-frontieres-les-agences-de-voyages-exclues\/","title":{"rendered":"Ouverture partielle des fronti\u00e8res: Les agences de voyages exclues"},"content":{"rendered":"<div class=\"body\">\n<div class=\"field field-name-body field-type-text-with-summary field-label-hidden\">\n<div class=\"field-items\" readability=\"8\">\n<div class=\"field-item even\" property=\"content:encoded\" readability=\"11\">\n<p class=\"rtejustify\">Les agences de voyages qui tablaient sur l\u2019ouverture partielle des fronti\u00e8res pour reprendre du poil de la b\u00eate ont essuy\u00e9 une douche froide. Elles ne pourront pas commercialiser les billets d\u2019avions de Royal Air Maroc (RAM) ni d\u2019Air Arabia d\u2019ailleurs. Selon un professionnel, \u00abCes vols ne s\u2019affichent pas sur le syst\u00e8me de r\u00e9servation Amadeus\u00bb. Beaucoup d\u2019agences de voyages ont renvoy\u00e9 leurs salari\u00e9s chez eux vendredi. Le r\u00e9seau commercial de RAM a \u00e9t\u00e9 pris d\u2019assaut par les voyageurs qui font la file \u00e0 l\u2019ext\u00e9rieur au m\u00e9pris des r\u00e8gles de distanciation physique.<br \/><em>H.E.<\/em><\/p>\n<\/div>\n<\/div>\n<\/div>\n<\/div>\n<div class=\"eco-conseil\">\n<div class=\"view view-eco-conseil-16 view-id-eco_conseil_16 view-display-id-cookies view-dom-id-b5330877b975ee8d3618077edbd9767d\">\n<div class=\"view-content\">\n<div id=\"views-bootstrap-grid-1\" class=\"views-bootstrap-grid-plugin-style\">\n<div class=\"row\">\n<div class=\" col-xs-12 col-lg-4\">\n<div class=\"row\">\n<div class=\"col col-xs-12 col-lg-12\">\n<div class=\"field-content\"><a href=\"\/article\/1064654-ram-renforce-ses-frequences-casa-dakhla-et-casa-laaayoune\"><img loading=\"lazy\" decoding=\"async\" class=\"img-responsive\" typeof=\"foaf:Image\" src=\"https:\/\/www.leconomiste.com\/sites\/default\/files\/eco7\/public\/styles\/800x400\/public\/default_images\/default_une.jpg?itok=4jZlgnIZ\" width=\"660\" height=\"330\" alt=\"\"\/><\/a><\/div>\n<\/div>\n<div class=\" title_suite_2 col col-xs-12 col-lg-12\"> <a href=\"\/article\/1064654-ram-renforce-ses-frequences-casa-dakhla-et-casa-laaayoune\"\/><span class=\"field-content\">RAM renforce ses fr\u00e9quences Casa-Dakhla et Casa-Laa\u00e2youne<\/span><\/div>\n<\/div>\n<\/div>\n<div class=\" col-xs-12 col-lg-4\">\n<div class=\"row\">\n<div class=\"col col-xs-12 col-lg-12\">\n<div class=\"field-content\"><a href=\"\/article\/1064653-ocp-rabat-accueille-l-um6p-en-septembre\"><img loading=\"lazy\" decoding=\"async\" class=\"img-responsive\" typeof=\"foaf:Image\" src=\"https:\/\/www.leconomiste.com\/sites\/default\/files\/eco7\/public\/styles\/800x400\/public\/default_images\/default_une.jpg?itok=4jZlgnIZ\" width=\"660\" height=\"330\" alt=\"\"\/><\/a><\/div>\n<\/div>\n<div class=\" title_suite_2 col col-xs-12 col-lg-12\"> <a href=\"\/article\/1064653-ocp-rabat-accueille-l-um6p-en-septembre\"\/><span class=\"field-content\"> OCP: Rabat accueille l&rsquo;UM6P en septembre<\/span><\/div>\n<\/div>\n<\/div>\n<div class=\" col-xs-12 col-lg-4\">\n<div class=\"row\">\n<div class=\"col col-xs-12 col-lg-12\">\n<div class=\"field-content\"><a href=\"\/article\/1064651-enquete-cgem-sur-les-impacts-economiques-covid-19\"><img loading=\"lazy\" decoding=\"async\" class=\"img-responsive\" typeof=\"foaf:Image\" src=\"https:\/\/www.leconomiste.com\/sites\/default\/files\/eco7\/public\/styles\/800x400\/public\/default_images\/default_une.jpg?itok=4jZlgnIZ\" width=\"660\" height=\"330\" alt=\"\"\/><\/a><\/div>\n<\/div>\n<div class=\" title_suite_2 col col-xs-12 col-lg-12\"> <a href=\"\/article\/1064651-enquete-cgem-sur-les-impacts-economiques-covid-19\"\/><span class=\"field-content\">Enqu\u00eate CGEM sur les impacts \u00e9conomiques Covid-19<\/span><\/div>\n<\/div>\n<\/div>\n<\/div>\n<\/div>\n<\/div>\n<\/div>\n<\/div>\n<p>Auteur: hlafriqi<br \/>\n<a href=\"https:\/\/www.leconomiste.com\/article\/1064652-ouverture-partielle-des-frontieres-les-agences-de-voyages-exclues\">Cliquez ici pour lire l&rsquo;article depuis sa source.<\/a><\/p>\n","protected":false},"excerpt":{"rendered":"<p>Les agences de voyages qui tablaient sur l\u2019ouverture partielle des fronti\u00e8res pour reprendre du poil de la b\u00eate ont essuy\u00e9 une douche froide. Elles ne pourront pas commercialiser les billets d\u2019avions de Royal Air Maroc (RAM) ni d\u2019Air Arabia d\u2019ailleurs. Selon un professionnel, \u00abCes vols ne s\u2019affichent pas sur le syst\u00e8me de r\u00e9servation Amadeus\u00bb. Beaucoup [&hellip;]<\/p>\n","protected":false},"author":1763,"featured_media":0,"comment_status":"closed","ping_status":"closed","sticky":false,"template":"","format":"standard","meta":{"fifu_image_url":"","fifu_image_alt":"","footnotes":""},"categories":[78,54],"tags":[],"class_list":["post-92192","post","type-post","status-publish","format-standard","hentry","category-economie","category-maroc"],"_links":{"self":[{"href":"https:\/\/linitiative.ca\/International\/wp-json\/wp\/v2\/posts\/92192","targetHints":{"allow":["GET"]}}],"collection":[{"href":"https:\/\/linitiative.ca\/International\/wp-json\/wp\/v2\/posts"}],"about":[{"href":"https:\/\/linitiative.ca\/International\/wp-json\/wp\/v2\/types\/post"}],"author":[{"embeddable":true,"href":"https:\/\/linitiative.ca\/International\/wp-json\/wp\/v2\/users\/1763"}],"replies":[{"embeddable":true,"href":"https:\/\/linitiative.ca\/International\/wp-json\/wp\/v2\/comments?post=92192"}],"version-history":[{"count":0,"href":"https:\/\/linitiative.ca\/International\/wp-json\/wp\/v2\/posts\/92192\/revisions"}],"wp:attachment":[{"href":"https:\/\/linitiative.ca\/International\/wp-json\/wp\/v2\/media?parent=92192"}],"wp:term":[{"taxonomy":"category","embeddable":true,"href":"https:\/\/linitiative.ca\/International\/wp-json\/wp\/v2\/categories?post=92192"},{"taxonomy":"post_tag","embeddable":true,"href":"https:\/\/linitiative.ca\/International\/wp-json\/wp\/v2\/tags?post=92192"}],"curies":[{"name":"wp","href":"https:\/\/api.w.org\/{rel}","templated":true}]}}