{"id":92193,"date":"2020-07-13T11:15:17","date_gmt":"2020-07-13T15:15:17","guid":{"rendered":"https:\/\/linitiative.ca\/International\/ocp-rabat-accueille-lum6p-en-septembre\/"},"modified":"2020-07-13T11:15:17","modified_gmt":"2020-07-13T15:15:17","slug":"ocp-rabat-accueille-lum6p-en-septembre","status":"publish","type":"post","link":"https:\/\/linitiative.ca\/International\/ocp-rabat-accueille-lum6p-en-septembre\/","title":{"rendered":"OCP: Rabat accueille l&rsquo;UM6P en septembre"},"content":{"rendered":"<div class=\"author\" readability=\"5.7931034482759\"> Par <a href=\"\/content\/amin-rboub\">Amin RBOUB<\/a> <a href=\"\/node\/\"> <\/a> | Edition N\u00b0:5802 Le 13\/07\/2020 | Partager <\/div>\n<div class=\"body\">\n<div class=\"field field-name-body field-type-text-with-summary field-label-hidden\">\n<div class=\"field-items\" readability=\"9.5\">\n<div class=\"field-item even\" property=\"content:encoded\" readability=\"14\">\n<p class=\"rtejustify\">Du nouveau pour la rentr\u00e9e universitaire! Le groupe OCP lance \u00e0 Rabat la Facult\u00e9 de gouvernance, des sciences \u00e9conomiques et sociales (FGSES) de l\u2019Universit\u00e9 Mohammed VI Polytechnique (UM6P). Un campus sp\u00e9cialis\u00e9 dans les champs disciplinaires au c\u0153ur des questions de politiques publiques. Cette \u00e9cole d\u2019excellence qui dispense un enseignement en relations internationales, sciences politiques, \u00e9conomie et sciences sociales comportementales, contribue \u00e0 former les leaders de demain. Les laur\u00e9ats seront aptes \u00e0 d\u00e9finir et appliquer des politiques publiques plus efficientes et au plus pr\u00e8s des attentes des populations.<br \/><em>A.R.<\/em><\/p>\n<\/div>\n<\/div>\n<\/div>\n<\/div>\n<div class=\"eco-conseil\">\n<div class=\"view view-eco-conseil-16 view-id-eco_conseil_16 view-display-id-cookies view-dom-id-79a0a352debef04a63f65058c69f69c8\">\n<div class=\"view-content\">\n<div id=\"views-bootstrap-grid-1\" class=\"views-bootstrap-grid-plugin-style\">\n<div class=\"row\">\n<div class=\" col-xs-12 col-lg-4\">\n<div class=\"row\">\n<div class=\"col col-xs-12 col-lg-12\">\n<div class=\"field-content\"><a href=\"\/article\/1064654-ram-renforce-ses-frequences-casa-dakhla-et-casa-laaayoune\"><img loading=\"lazy\" decoding=\"async\" class=\"img-responsive\" typeof=\"foaf:Image\" src=\"https:\/\/www.leconomiste.com\/sites\/default\/files\/eco7\/public\/styles\/800x400\/public\/default_images\/default_une.jpg?itok=4jZlgnIZ\" width=\"660\" height=\"330\" alt=\"\"\/><\/a><\/div>\n<\/div>\n<div class=\" title_suite_2 col col-xs-12 col-lg-12\"> <a href=\"\/article\/1064654-ram-renforce-ses-frequences-casa-dakhla-et-casa-laaayoune\"\/><span class=\"field-content\">RAM renforce ses fr\u00e9quences Casa-Dakhla et Casa-Laa\u00e2youne<\/span><\/div>\n<\/div>\n<\/div>\n<div class=\" col-xs-12 col-lg-4\">\n<div class=\"row\">\n<div class=\"col col-xs-12 col-lg-12\">\n<div class=\"field-content\"><a href=\"\/article\/1064652-ouverture-partielle-des-frontieres-les-agences-de-voyages-exclues\"><img loading=\"lazy\" decoding=\"async\" class=\"img-responsive\" typeof=\"foaf:Image\" src=\"https:\/\/www.leconomiste.com\/sites\/default\/files\/eco7\/public\/styles\/800x400\/public\/default_images\/default_une.jpg?itok=4jZlgnIZ\" width=\"660\" height=\"330\" alt=\"\"\/><\/a><\/div>\n<\/div>\n<div class=\" title_suite_2 col col-xs-12 col-lg-12\"> <a href=\"\/article\/1064652-ouverture-partielle-des-frontieres-les-agences-de-voyages-exclues\"\/><span class=\"field-content\">Ouverture partielle des fronti\u00e8res: Les agences de voyages exclues<\/span><\/div>\n<\/div>\n<\/div>\n<div class=\" col-xs-12 col-lg-4\">\n<div class=\"row\">\n<div class=\"col col-xs-12 col-lg-12\">\n<div class=\"field-content\"><a href=\"\/article\/1064651-enquete-cgem-sur-les-impacts-economiques-covid-19\"><img loading=\"lazy\" decoding=\"async\" class=\"img-responsive\" typeof=\"foaf:Image\" src=\"https:\/\/www.leconomiste.com\/sites\/default\/files\/eco7\/public\/styles\/800x400\/public\/default_images\/default_une.jpg?itok=4jZlgnIZ\" width=\"660\" height=\"330\" alt=\"\"\/><\/a><\/div>\n<\/div>\n<div class=\" title_suite_2 col col-xs-12 col-lg-12\"> <a href=\"\/article\/1064651-enquete-cgem-sur-les-impacts-economiques-covid-19\"\/><span class=\"field-content\">Enqu\u00eate CGEM sur les impacts \u00e9conomiques Covid-19<\/span><\/div>\n<\/div>\n<\/div>\n<\/div>\n<\/div>\n<\/div>\n<\/div>\n<\/div>\n<p>Auteur: hlafriqi<br \/>\n<a href=\"https:\/\/www.leconomiste.com\/article\/1064653-ocp-rabat-accueille-l-um6p-en-septembre\">Cliquez ici pour lire l&rsquo;article depuis sa source.<\/a><\/p>\n","protected":false},"excerpt":{"rendered":"<p>Par Amin RBOUB | Edition N\u00b0:5802 Le 13\/07\/2020 | Partager Du nouveau pour la rentr\u00e9e universitaire! Le groupe OCP lance \u00e0 Rabat la Facult\u00e9 de gouvernance, des sciences \u00e9conomiques et sociales (FGSES) de l\u2019Universit\u00e9 Mohammed VI Polytechnique (UM6P). Un campus sp\u00e9cialis\u00e9 dans les champs disciplinaires au c\u0153ur des questions de politiques publiques. Cette \u00e9cole d\u2019excellence [&hellip;]<\/p>\n","protected":false},"author":1763,"featured_media":0,"comment_status":"closed","ping_status":"closed","sticky":false,"template":"","format":"standard","meta":{"fifu_image_url":"","fifu_image_alt":"","footnotes":""},"categories":[78,54],"tags":[],"class_list":["post-92193","post","type-post","status-publish","format-standard","hentry","category-economie","category-maroc"],"_links":{"self":[{"href":"https:\/\/linitiative.ca\/International\/wp-json\/wp\/v2\/posts\/92193","targetHints":{"allow":["GET"]}}],"collection":[{"href":"https:\/\/linitiative.ca\/International\/wp-json\/wp\/v2\/posts"}],"about":[{"href":"https:\/\/linitiative.ca\/International\/wp-json\/wp\/v2\/types\/post"}],"author":[{"embeddable":true,"href":"https:\/\/linitiative.ca\/International\/wp-json\/wp\/v2\/users\/1763"}],"replies":[{"embeddable":true,"href":"https:\/\/linitiative.ca\/International\/wp-json\/wp\/v2\/comments?post=92193"}],"version-history":[{"count":0,"href":"https:\/\/linitiative.ca\/International\/wp-json\/wp\/v2\/posts\/92193\/revisions"}],"wp:attachment":[{"href":"https:\/\/linitiative.ca\/International\/wp-json\/wp\/v2\/media?parent=92193"}],"wp:term":[{"taxonomy":"category","embeddable":true,"href":"https:\/\/linitiative.ca\/International\/wp-json\/wp\/v2\/categories?post=92193"},{"taxonomy":"post_tag","embeddable":true,"href":"https:\/\/linitiative.ca\/International\/wp-json\/wp\/v2\/tags?post=92193"}],"curies":[{"name":"wp","href":"https:\/\/api.w.org\/{rel}","templated":true}]}}