{"id":92194,"date":"2020-07-13T11:16:17","date_gmt":"2020-07-13T15:16:17","guid":{"rendered":"https:\/\/linitiative.ca\/International\/ram-renforce-ses-frequences-casa-dakhla-et-casa-laaayoune\/"},"modified":"2020-07-13T11:16:17","modified_gmt":"2020-07-13T15:16:17","slug":"ram-renforce-ses-frequences-casa-dakhla-et-casa-laaayoune","status":"publish","type":"post","link":"https:\/\/linitiative.ca\/International\/ram-renforce-ses-frequences-casa-dakhla-et-casa-laaayoune\/","title":{"rendered":"RAM renforce ses fr\u00e9quences Casa-Dakhla et Casa-Laa\u00e2youne"},"content":{"rendered":"<div class=\"body\">\n<div class=\"field field-name-body field-type-text-with-summary field-label-hidden\">\n<div class=\"field-items\" readability=\"9\">\n<div class=\"field-item even\" property=\"content:encoded\" readability=\"13\">\n<p class=\"rtejustify\">Relanc\u00e9 le 25 juin dernier, les vols au d\u00e9part de Casablanca et \u00e0 destination de La\u00e2youne et Dakhla ont enregistr\u00e9 une forte demande. A raison de 5 fr\u00e9quences par semaine, RAM passe d\u00e9sormais \u00e0 7 fr\u00e9quences par semaine, soit une fr\u00e9quence par jour, sur ces deux lignes domestiques.<br \/><em>\u00a0T.E.G.<\/em><\/p>\n<\/div>\n<\/div>\n<\/div>\n<\/div>\n<div class=\"eco-conseil\">\n<div class=\"view view-eco-conseil-16 view-id-eco_conseil_16 view-display-id-cookies view-dom-id-659533675e9902e24ef4e48fe6e3fc04\">\n<div class=\"view-content\">\n<div id=\"views-bootstrap-grid-1\" class=\"views-bootstrap-grid-plugin-style\">\n<div class=\"row\">\n<div class=\" col-xs-12 col-lg-4\">\n<div class=\"row\">\n<div class=\"col col-xs-12 col-lg-12\">\n<div class=\"field-content\"><a href=\"\/article\/1064653-ocp-rabat-accueille-l-um6p-en-septembre\"><img loading=\"lazy\" decoding=\"async\" class=\"img-responsive\" typeof=\"foaf:Image\" src=\"https:\/\/www.leconomiste.com\/sites\/default\/files\/eco7\/public\/styles\/800x400\/public\/default_images\/default_une.jpg?itok=4jZlgnIZ\" width=\"660\" height=\"330\" alt=\"\"\/><\/a><\/div>\n<\/div>\n<div class=\" title_suite_2 col col-xs-12 col-lg-12\"> <a href=\"\/article\/1064653-ocp-rabat-accueille-l-um6p-en-septembre\"\/><span class=\"field-content\"> OCP: Rabat accueille l&rsquo;UM6P en septembre<\/span><\/div>\n<\/div>\n<\/div>\n<div class=\" col-xs-12 col-lg-4\">\n<div class=\"row\">\n<div class=\"col col-xs-12 col-lg-12\">\n<div class=\"field-content\"><a href=\"\/article\/1064652-ouverture-partielle-des-frontieres-les-agences-de-voyages-exclues\"><img loading=\"lazy\" decoding=\"async\" class=\"img-responsive\" typeof=\"foaf:Image\" src=\"https:\/\/www.leconomiste.com\/sites\/default\/files\/eco7\/public\/styles\/800x400\/public\/default_images\/default_une.jpg?itok=4jZlgnIZ\" width=\"660\" height=\"330\" alt=\"\"\/><\/a><\/div>\n<\/div>\n<div class=\" title_suite_2 col col-xs-12 col-lg-12\"> <a href=\"\/article\/1064652-ouverture-partielle-des-frontieres-les-agences-de-voyages-exclues\"\/><span class=\"field-content\">Ouverture partielle des fronti\u00e8res: Les agences de voyages exclues<\/span><\/div>\n<\/div>\n<\/div>\n<div class=\" col-xs-12 col-lg-4\">\n<div class=\"row\">\n<div class=\"col col-xs-12 col-lg-12\">\n<div class=\"field-content\"><a href=\"\/article\/1064651-enquete-cgem-sur-les-impacts-economiques-covid-19\"><img loading=\"lazy\" decoding=\"async\" class=\"img-responsive\" typeof=\"foaf:Image\" src=\"https:\/\/www.leconomiste.com\/sites\/default\/files\/eco7\/public\/styles\/800x400\/public\/default_images\/default_une.jpg?itok=4jZlgnIZ\" width=\"660\" height=\"330\" alt=\"\"\/><\/a><\/div>\n<\/div>\n<div class=\" title_suite_2 col col-xs-12 col-lg-12\"> <a href=\"\/article\/1064651-enquete-cgem-sur-les-impacts-economiques-covid-19\"\/><span class=\"field-content\">Enqu\u00eate CGEM sur les impacts \u00e9conomiques Covid-19<\/span><\/div>\n<\/div>\n<\/div>\n<\/div>\n<\/div>\n<\/div>\n<\/div>\n<\/div>\n<p>Auteur: hlafriqi<br \/>\n<a href=\"https:\/\/www.leconomiste.com\/article\/1064654-ram-renforce-ses-frequences-casa-dakhla-et-casa-laaayoune\">Cliquez ici pour lire l&rsquo;article depuis sa source.<\/a><\/p>\n","protected":false},"excerpt":{"rendered":"<p>Relanc\u00e9 le 25 juin dernier, les vols au d\u00e9part de Casablanca et \u00e0 destination de La\u00e2youne et Dakhla ont enregistr\u00e9 une forte demande. A raison de 5 fr\u00e9quences par semaine, RAM passe d\u00e9sormais \u00e0 7 fr\u00e9quences par semaine, soit une fr\u00e9quence par jour, sur ces deux lignes domestiques.\u00a0T.E.G. OCP: Rabat accueille l&rsquo;UM6P en septembre Ouverture [&hellip;]<\/p>\n","protected":false},"author":1763,"featured_media":0,"comment_status":"closed","ping_status":"closed","sticky":false,"template":"","format":"standard","meta":{"fifu_image_url":"","fifu_image_alt":"","footnotes":""},"categories":[78,54],"tags":[],"class_list":["post-92194","post","type-post","status-publish","format-standard","hentry","category-economie","category-maroc"],"_links":{"self":[{"href":"https:\/\/linitiative.ca\/International\/wp-json\/wp\/v2\/posts\/92194","targetHints":{"allow":["GET"]}}],"collection":[{"href":"https:\/\/linitiative.ca\/International\/wp-json\/wp\/v2\/posts"}],"about":[{"href":"https:\/\/linitiative.ca\/International\/wp-json\/wp\/v2\/types\/post"}],"author":[{"embeddable":true,"href":"https:\/\/linitiative.ca\/International\/wp-json\/wp\/v2\/users\/1763"}],"replies":[{"embeddable":true,"href":"https:\/\/linitiative.ca\/International\/wp-json\/wp\/v2\/comments?post=92194"}],"version-history":[{"count":0,"href":"https:\/\/linitiative.ca\/International\/wp-json\/wp\/v2\/posts\/92194\/revisions"}],"wp:attachment":[{"href":"https:\/\/linitiative.ca\/International\/wp-json\/wp\/v2\/media?parent=92194"}],"wp:term":[{"taxonomy":"category","embeddable":true,"href":"https:\/\/linitiative.ca\/International\/wp-json\/wp\/v2\/categories?post=92194"},{"taxonomy":"post_tag","embeddable":true,"href":"https:\/\/linitiative.ca\/International\/wp-json\/wp\/v2\/tags?post=92194"}],"curies":[{"name":"wp","href":"https:\/\/api.w.org\/{rel}","templated":true}]}}