{"id":92205,"date":"2020-07-12T19:00:00","date_gmt":"2020-07-12T23:00:00","guid":{"rendered":"https:\/\/linitiative.ca\/International\/soutien-des-porteurs-de-projets-innovants-prochaine-mise-en-place-dun-fonds-de-financement-des-start-up\/"},"modified":"2020-07-12T19:00:00","modified_gmt":"2020-07-12T23:00:00","slug":"soutien-des-porteurs-de-projets-innovants-prochaine-mise-en-place-dun-fonds-de-financement-des-start-up","status":"publish","type":"post","link":"https:\/\/linitiative.ca\/International\/soutien-des-porteurs-de-projets-innovants-prochaine-mise-en-place-dun-fonds-de-financement-des-start-up\/","title":{"rendered":"Soutien des porteurs de projets innovants :   Prochaine mise en place d\u2019un Fonds de financement des start-up"},"content":{"rendered":"<p>\u00a0\u00abDans le but d\u2019aider les porteurs de projets innovants, notre d\u00e9partement s\u2019attelle \u00e0 mettre en place un Fonds de financement des start-up dont le lancement est pr\u00e9vu pour bient\u00f4t\u00bb, a fait savoir M. Walid en marge de sa visite \u00e0 l\u2019entreprise \u00abS. Five Groupe\u00bb sp\u00e9cialis\u00e9e dans le traitement des eaux utilis\u00e9s, mais qui s\u2019est lanc\u00e9e depuis l\u2019av\u00e8nement de la pand\u00e9mie du Covid-19 dans la confection de machines fabriquant des masques de protection buccale ainsi que des \u00e9quipements de st\u00e9rilisation.<\/p>\n<p>Il a dans ce sens pr\u00e9cis\u00e9 que ce fonds, r\u00e9gi par des m\u00e9canismes de financement \u00abplus en ad\u00e9quation avec les start-up\u00bb, peut m\u00eame s\u2019adapter aux pr\u00e9ceptes de la religion dans le domaine des pratiques financi\u00e8res (absence d\u2019int\u00e9r\u00eat).<\/p>\n<p>Selon lui, le Fonds en question permettra d\u2019assurer un financement \u00e0 travers un cr\u00e9dit comme ce fut le cas dans le dispositif de l\u2019ANSEJ, mais \u00e0 travers l\u2019entr\u00e9e au capital de la soci\u00e9t\u00e9, \u00abune proc\u00e9dure impliquant l\u2019\u00e9change d\u2019un apport contre les parts de cette soci\u00e9t\u00e9\u00bb, a-t-il expliqu\u00e9.<\/p>\n<p>\u00a0\u00abJ\u2019estime que c\u2019est la meilleure fa\u00e7on de financer les start-up, laquelle tranche avec la mani\u00e8re en vogue par le pass\u00e9 consistant \u00e0 se limiter \u00e0 l\u2019octroi des cr\u00e9dits aux propri\u00e9taires des petites entreprises\u00bb, a-t-il soutenu.<\/p>\n<p>Evoquant les jeunes confront\u00e9s \u00e0 l\u2019\u00e9cueil du foncier dans la concr\u00e9tisation de leurs projets, il a observ\u00e9 que la loi de finances compl\u00e9mentaires (LFC 2020) comporte des facilit\u00e9s en mati\u00e8re d\u2019acquisition de foncier.<\/p>\n<p>\u00a0\u00abLa LFC comporte des proc\u00e9dures permettant aux jeunes disposant de projets innovants de b\u00e9n\u00e9ficier d\u2019assiettes fonci\u00e8res, le plus important \u00e9tant que les projets en question assurent une valeur ajout\u00e9e \u00e0 l\u2019\u00e9conomie nationale\u00bb, a-t-il tenu \u00e0 pr\u00e9ciser. Par ailleurs, il a estim\u00e9 que la pand\u00e9mie du Covid-19 a incit\u00e9 \u00e0 la recherche de tendances et cr\u00e9neaux ayant trait \u00e0 l\u2019\u00e9conomie num\u00e9rique (applications, solutions intelligentes) susceptibles d\u2019int\u00e9resser les jeunes en qu\u00eate d\u2019innovation.<\/p>\n<p>De son c\u00f4t\u00e9, le pr\u00e9sident de la Commission d&rsquo;organisation et de surveillance des op\u00e9rations de Bourse (Cosob), Abdelhakim Berrah, a fait part d\u2019un travail men\u00e9 depuis quelques ann\u00e9es en vue de conna\u00eetre les soci\u00e9t\u00e9s innovantes et productrices de valeur ajout\u00e9e, \u00aben perspective de leur \u00e9ventuel int\u00e9gration \u00e0 la bourse\u00bb.<\/p>\n<p>A la fin de sa visite, le ministre d\u00e9l\u00e9gu\u00e9 aupr\u00e8s du Premier ministre, charg\u00e9 de l\u2019Economie de la connaissance et des Start-up a anim\u00e9 une rencontre \u00e0 la salle de r\u00e9union de la wilaya avec les jeunes innovants et les g\u00e9rants de start-up, d\u00e9battant longuement de leurs pr\u00e9occupations ax\u00e9es notamment sur le financement et \u00e0 la commercialisation de leurs produits.<\/p>\n<p>Tout en mettant l\u2019accent sur le fait que le projet doit \u00eatre \u00abviable \u00e9conomiquement\u00bb, il a r\u00e9it\u00e9r\u00e9 la volont\u00e9 de l\u2019Etat \u00e0 soutenir les jeunes d\u00e9tenteurs de projets innovants.<\/p>\n<p>Auteur: elmoudjahid<br \/>\n<a href=\"http:\/\/www.elmoudjahid.com\/fr\/actualites\/156190\">Cliquez ici pour lire l&rsquo;article depuis sa source.<\/a><\/p>\n","protected":false},"excerpt":{"rendered":"<p>\u00a0\u00abDans le but d\u2019aider les porteurs de projets innovants, notre d\u00e9partement s\u2019attelle \u00e0 mettre en place un Fonds de financement des start-up dont le lancement est pr\u00e9vu pour bient\u00f4t\u00bb, a fait savoir M. Walid en marge de sa visite \u00e0 l\u2019entreprise \u00abS. Five Groupe\u00bb sp\u00e9cialis\u00e9e dans le traitement des eaux utilis\u00e9s, mais qui s\u2019est lanc\u00e9e [&hellip;]<\/p>\n","protected":false},"author":1744,"featured_media":0,"comment_status":"closed","ping_status":"closed","sticky":false,"template":"","format":"standard","meta":{"fifu_image_url":"","fifu_image_alt":"","footnotes":""},"categories":[73,53],"tags":[],"class_list":["post-92205","post","type-post","status-publish","format-standard","hentry","category-actualite","category-algerie"],"_links":{"self":[{"href":"https:\/\/linitiative.ca\/International\/wp-json\/wp\/v2\/posts\/92205","targetHints":{"allow":["GET"]}}],"collection":[{"href":"https:\/\/linitiative.ca\/International\/wp-json\/wp\/v2\/posts"}],"about":[{"href":"https:\/\/linitiative.ca\/International\/wp-json\/wp\/v2\/types\/post"}],"author":[{"embeddable":true,"href":"https:\/\/linitiative.ca\/International\/wp-json\/wp\/v2\/users\/1744"}],"replies":[{"embeddable":true,"href":"https:\/\/linitiative.ca\/International\/wp-json\/wp\/v2\/comments?post=92205"}],"version-history":[{"count":0,"href":"https:\/\/linitiative.ca\/International\/wp-json\/wp\/v2\/posts\/92205\/revisions"}],"wp:attachment":[{"href":"https:\/\/linitiative.ca\/International\/wp-json\/wp\/v2\/media?parent=92205"}],"wp:term":[{"taxonomy":"category","embeddable":true,"href":"https:\/\/linitiative.ca\/International\/wp-json\/wp\/v2\/categories?post=92205"},{"taxonomy":"post_tag","embeddable":true,"href":"https:\/\/linitiative.ca\/International\/wp-json\/wp\/v2\/tags?post=92205"}],"curies":[{"name":"wp","href":"https:\/\/api.w.org\/{rel}","templated":true}]}}