{"id":92206,"date":"2020-07-12T19:00:00","date_gmt":"2020-07-12T23:00:00","guid":{"rendered":"https:\/\/linitiative.ca\/International\/fete-de-lindependance-le-chef-de-letat-recoit-les-voeux-des-presidents-de-plusieurs-pays\/"},"modified":"2020-07-12T19:00:00","modified_gmt":"2020-07-12T23:00:00","slug":"fete-de-lindependance-le-chef-de-letat-recoit-les-voeux-des-presidents-de-plusieurs-pays","status":"publish","type":"post","link":"https:\/\/linitiative.ca\/International\/fete-de-lindependance-le-chef-de-letat-recoit-les-voeux-des-presidents-de-plusieurs-pays\/","title":{"rendered":"F\u00eate de l\u2019ind\u00e9pendance :  Le chef de l\u2019\u00e9tat re\u00e7oit  les v\u0153ux des pr\u00e9sidents  de plusieurs pays"},"content":{"rendered":"<p>\u00abA l\u2019occasion du 58e anniversaire de la f\u00eate de l\u2019Ind\u00e9pendance et de la Jeunesse, le Pr\u00e9sident de la R\u00e9publique, Abdelmadjid Tebboune, a re\u00e7u de nouveaux messages de v\u0153ux \u00e9manant de :<\/p>\n<p>&#8211; Mme Sahle-Work Zewde, pr\u00e9sidente de la R\u00e9publique d\u00e9mocratique f\u00e9d\u00e9rale d\u2019Ethiopie ;<\/p>\n<p>&#8211; M. Ram Nath Kovind, pr\u00e9sident de la R\u00e9publique de l\u2019Inde ;<\/p>\n<p>&#8211; M. Hassan Rohani, pr\u00e9sident de la R\u00e9publique islamique d\u2019Iran ;<\/p>\n<p>&#8211; M. Daniel Ortega, pr\u00e9sident de la R\u00e9publique du Nicaragua et Mme Rosario Murillo, sa vice-pr\u00e9sidente\u2008;<\/p>\n<p>&#8211; M. Nicolas Maduro Moros, pr\u00e9sident de la R\u00e9publique bolivarienne du Venezuela ;\u00a0<\/p>\n<p>et &#8211; M. Idriss D\u00e9by Itno, pr\u00e9sident de la R\u00e9publique du Tchad et chef de l\u2019Etat, pr\u00e9cise la m\u00eame source.<\/p>\n<p>Apr\u00e8s avoir adress\u00e9 ses remerciements \u00e0 ses homologues, le Pr\u00e9sident de la\u00a0 R\u00e9publique \u00abs\u2019est f\u00e9licit\u00e9 des bonnes relations d\u2019amiti\u00e9 et de solidarit\u00e9 existant entre l\u2019Alg\u00e9rie et ces pays fr\u00e8res et amis\u00bb, r\u00e9affirmant sa volont\u00e9 de \u00abpoursuivre les efforts communs pour leur renforcement et la cons\u00e9cration du dialogue et de la concertation avec leurs dirigeants\u00bb.<\/p>\n<p>Auteur: elmoudjahid<br \/>\n<a href=\"http:\/\/www.elmoudjahid.com\/fr\/actualites\/156191\">Cliquez ici pour lire l&rsquo;article depuis sa source.<\/a><\/p>\n","protected":false},"excerpt":{"rendered":"<p>\u00abA l\u2019occasion du 58e anniversaire de la f\u00eate de l\u2019Ind\u00e9pendance et de la Jeunesse, le Pr\u00e9sident de la R\u00e9publique, Abdelmadjid Tebboune, a re\u00e7u de nouveaux messages de v\u0153ux \u00e9manant de : &#8211; Mme Sahle-Work Zewde, pr\u00e9sidente de la R\u00e9publique d\u00e9mocratique f\u00e9d\u00e9rale d\u2019Ethiopie ; &#8211; M. Ram Nath Kovind, pr\u00e9sident de la R\u00e9publique de l\u2019Inde ; [&hellip;]<\/p>\n","protected":false},"author":1744,"featured_media":0,"comment_status":"closed","ping_status":"closed","sticky":false,"template":"","format":"standard","meta":{"fifu_image_url":"","fifu_image_alt":"","footnotes":""},"categories":[73,53],"tags":[],"class_list":["post-92206","post","type-post","status-publish","format-standard","hentry","category-actualite","category-algerie"],"_links":{"self":[{"href":"https:\/\/linitiative.ca\/International\/wp-json\/wp\/v2\/posts\/92206","targetHints":{"allow":["GET"]}}],"collection":[{"href":"https:\/\/linitiative.ca\/International\/wp-json\/wp\/v2\/posts"}],"about":[{"href":"https:\/\/linitiative.ca\/International\/wp-json\/wp\/v2\/types\/post"}],"author":[{"embeddable":true,"href":"https:\/\/linitiative.ca\/International\/wp-json\/wp\/v2\/users\/1744"}],"replies":[{"embeddable":true,"href":"https:\/\/linitiative.ca\/International\/wp-json\/wp\/v2\/comments?post=92206"}],"version-history":[{"count":0,"href":"https:\/\/linitiative.ca\/International\/wp-json\/wp\/v2\/posts\/92206\/revisions"}],"wp:attachment":[{"href":"https:\/\/linitiative.ca\/International\/wp-json\/wp\/v2\/media?parent=92206"}],"wp:term":[{"taxonomy":"category","embeddable":true,"href":"https:\/\/linitiative.ca\/International\/wp-json\/wp\/v2\/categories?post=92206"},{"taxonomy":"post_tag","embeddable":true,"href":"https:\/\/linitiative.ca\/International\/wp-json\/wp\/v2\/tags?post=92206"}],"curies":[{"name":"wp","href":"https:\/\/api.w.org\/{rel}","templated":true}]}}