{"id":92207,"date":"2020-07-13T08:45:23","date_gmt":"2020-07-13T12:45:23","guid":{"rendered":"https:\/\/linitiative.ca\/International\/107328-handisport-la-reprise-des-entrainements-doit-etre-minutieusement-preparee\/"},"modified":"2020-07-13T08:45:23","modified_gmt":"2020-07-13T12:45:23","slug":"107328-handisport-la-reprise-des-entrainements-doit-etre-minutieusement-preparee","status":"publish","type":"post","link":"https:\/\/linitiative.ca\/International\/107328-handisport-la-reprise-des-entrainements-doit-etre-minutieusement-preparee\/","title":{"rendered":"Handisport: \u00ab\u00a0La reprise des entra\u00eenements doit \u00eatre minutieusement pr\u00e9par\u00e9e\u00a0\u00bb"},"content":{"rendered":"<div readability=\"38\">\n<p><strong>ALGER &#8211; Les athl\u00e8tes alg\u00e9riens des sports individuels, qualifi\u00e9s aux Jeux Paralympiques de Tokyo-2020 et ceux en voie de qualification, ont \u00e9t\u00e9 autoris\u00e9s \u00e0 reprendre les entra\u00eenements mais cela \u00ab\u00a0doit se faire progressivement et sous conditions\u00a0\u00bb, a indiqu\u00e9 la F\u00e9d\u00e9ration alg\u00e9rienne handisport (FAH).<\/strong><\/p>\n<\/div>\n<div readability=\"94.51372212693\">\n<p>Dans une note adress\u00e9e jeudi aux f\u00e9d\u00e9rations nationales poss\u00e9dant des athl\u00e8tes \u00ab\u00a0qualifi\u00e9s et qualifiables\u00a0\u00bb aux prochains Jeux de Tokyo, report\u00e9s \u00e0 l&rsquo;\u00e9t\u00e9 2021 en raison de la pand\u00e9mie de coronavirus, le minist\u00e8re de la Jeunesse et des Sports (MJS) a autoris\u00e9 leurs athl\u00e8tes \u00e0 reprendre les entra\u00eenements \u00ab\u00a0avec le strict respect des mesures de protection\u00a0\u00bb, mettant un terme \u00e0 plus de quatre mois d&rsquo;inactivit\u00e9 suite \u00e0 la fermeture des infrastructures sportives.<\/p>\n<blockquote readability=\"12\">\n<p><em><strong>\u00ab\u00a0On se r\u00e9jouit de cette d\u00e9cision qui vient soulager quelque peu nos athl\u00e8tes qualifi\u00e9s et ceux en voie de qualification pour les Jeux Paralympiques de Tokyo\u00a0\u00bb, a r\u00e9agi le pr\u00e9sident de la FAH, Mohamed Hachefa, estimant n\u00e9anmoins que cette reprise doit se faire \u00ab\u00a0en douceur et selon les conditions requises, \u00e0 savoir le respect total du protocole sanitaire et le contr\u00f4le m\u00e9dical de toutes les personnes concern\u00e9es\u00a0\u00bb.<\/strong><\/em><\/p>\n<\/blockquote>\n<p>Personne ne peut nier le fait que l\u2019arr\u00eat des activit\u00e9s pour plus de quatre mois, suivi du report d\u2019une ann\u00e9e du rendez-vous paralympique, a \u00e9norm\u00e9ment affect\u00e9 non seulement le physique des athl\u00e8tes, mais aussi leur moral.<\/p>\n<p>Une reprise \u00ab\u00a0s\u00e9rieuse\u00a0\u00bb des entra\u00eenements est devenue plus que n\u00e9cessaire, selon l\u2019avis des techniciens, mais elle exige \u00ab\u00a0une feuille de route bien \u00e9tudi\u00e9e et ficel\u00e9e par les diff\u00e9rentes parties\u00a0\u00bb, \u00e0 savoir la Direction technique avec les entra\u00eeneurs nationaux et surtout le staff m\u00e9dical qui doit accompagner l&rsquo;op\u00e9ration.<\/p>\n<p>A cet effet, une r\u00e9union de travail regroupant le m\u00e9decin f\u00e9d\u00e9ral, le directeur technique national et le pr\u00e9sident de la FAH s\u2019est tenue dimanche. Il \u00e9tait question de discuter du protocole sanitaire expos\u00e9 par le m\u00e9decin f\u00e9d\u00e9ral, Abderrahmane Ghla\u00efmi.<\/p>\n<blockquote readability=\"9\">\n<p><em><strong>\u00ab\u00a0Avant de permettre une reprise des entra\u00eenements, une batterie de tests doivent \u00eatre effectu\u00e9s sur l&rsquo;athl\u00e8te en raison de la longue p\u00e9riode d&rsquo;inactivit\u00e9 mais aussi de la pand\u00e9mie de Covid-19\u00a0\u00bb, a expliqu\u00e9 \u00e0 l&rsquo;APS le docteur Ghla\u00efmi.<\/strong><\/em><\/p>\n<\/blockquote>\n<hr\/>\n<h3>Lire aussi:\u00a0<a href=\"http:\/\/www.aps.dz\/sport\/103500-report-jp-2020-les-athletes-algeriens-entre-deception-et-soulagement\" target=\"_blank\" rel=\"noopener noreferrer\">Report JP-2020: les athl\u00e8tes alg\u00e9riens entre d\u00e9ception et soulagement<\/a><\/h3>\n<hr\/>\n<p>Le MJS avait invit\u00e9 le Centre national de m\u00e9decine du sport (CNMS) \u00e0 mettre en oeuvre le protocole sanitaire relatif aux athl\u00e8tes suscit\u00e9s, en coordination avec le Comit\u00e9 scientifique de suivi de l&rsquo;\u00e9volution de la pand\u00e9mie de Covid-19.<\/p>\n<p>De son c\u00f4t\u00e9, Mohamed Hachefa a appel\u00e9 \u00e0 la d\u00e9sinfection \u00ab\u00a0obligatoire\u00a0\u00bb des diff\u00e9rentes infrastructures devant accueillir les athl\u00e8tes, lesquels doivent respecter les mesures de pr\u00e9vention durant les entra\u00eenements.<\/p>\n<p>La f\u00e9d\u00e9ration songe m\u00eame \u00e0 engager un psychologue afin d&rsquo;aider les athl\u00e8tes avant de reprendre le travail physique.<\/p>\n<blockquote readability=\"9\">\n<p><em><strong>Avant l\u2019interruption des qualifications pour les Jeux Paralympiques, le handisport alg\u00e9rien avait r\u00e9ussi \u00e0 qualifier 15 athl\u00e8tes en sports individuels (14 en athl\u00e9tisme et 1 en powerlifting), sans oublier les s\u00e9lections (messieurs et dames) de goal-ball et handi-basket.<\/strong><\/em><\/p>\n<\/blockquote>\n<p>Si la reprise des entra\u00eenements des athl\u00e8tes des disciplines individuelles est act\u00e9e, celle des sports collectifs a \u00e9t\u00e9 renvoy\u00e9e aux calendes grecques. Une situation que les entra\u00eeneurs et joueurs de handi-basket et goal-ball ont d\u00e9plor\u00e9 d&rsquo;autant plus qu&rsquo;ils sont aussi concern\u00e9s par la pr\u00e9paration des Jeux de Tokyo.<\/p>\n<p>\u00ab\u00a0On ne sait pas quel est le sort r\u00e9serv\u00e9 \u00e0 nos s\u00e9lections de sports collectifs, qualifi\u00e9es aussi aux joutes de Tokyo. On va poser ce probl\u00e8me \u00e0 la tutelle et on s\u2019en tiendra \u00e0 sa d\u00e9cision\u00a0\u00bb, a soulign\u00e9 le pr\u00e9sident de la FAH.<\/p>\n<\/div>\n<p>Auteur:<br \/>\n<a href=\"http:\/\/www.aps.dz\/sport\/107328-handisport-la-reprise-des-entrainements-doit-etre-minutieusement-preparee?utm_source=feedburner&#038;utm_medium=feed&#038;utm_campaign=Feed%3A+aps-sport+%28APS+-+SPORT%29\">Cliquez ici pour lire l&rsquo;article depuis sa source.<\/a><\/p>\n","protected":false},"excerpt":{"rendered":"<p>ALGER &#8211; Les athl\u00e8tes alg\u00e9riens des sports individuels, qualifi\u00e9s aux Jeux Paralympiques de Tokyo-2020 et ceux en voie de qualification, ont \u00e9t\u00e9 autoris\u00e9s \u00e0 reprendre les entra\u00eenements mais cela \u00ab\u00a0doit se faire progressivement et sous conditions\u00a0\u00bb, a indiqu\u00e9 la F\u00e9d\u00e9ration alg\u00e9rienne handisport (FAH). Dans une note adress\u00e9e jeudi aux f\u00e9d\u00e9rations nationales poss\u00e9dant des athl\u00e8tes \u00ab\u00a0qualifi\u00e9s [&hellip;]<\/p>\n","protected":false},"author":1790,"featured_media":0,"comment_status":"closed","ping_status":"closed","sticky":false,"template":"","format":"standard","meta":{"fifu_image_url":"","fifu_image_alt":"","footnotes":""},"categories":[53,75],"tags":[],"class_list":["post-92207","post","type-post","status-publish","format-standard","hentry","category-algerie","category-sport"],"_links":{"self":[{"href":"https:\/\/linitiative.ca\/International\/wp-json\/wp\/v2\/posts\/92207","targetHints":{"allow":["GET"]}}],"collection":[{"href":"https:\/\/linitiative.ca\/International\/wp-json\/wp\/v2\/posts"}],"about":[{"href":"https:\/\/linitiative.ca\/International\/wp-json\/wp\/v2\/types\/post"}],"author":[{"embeddable":true,"href":"https:\/\/linitiative.ca\/International\/wp-json\/wp\/v2\/users\/1790"}],"replies":[{"embeddable":true,"href":"https:\/\/linitiative.ca\/International\/wp-json\/wp\/v2\/comments?post=92207"}],"version-history":[{"count":0,"href":"https:\/\/linitiative.ca\/International\/wp-json\/wp\/v2\/posts\/92207\/revisions"}],"wp:attachment":[{"href":"https:\/\/linitiative.ca\/International\/wp-json\/wp\/v2\/media?parent=92207"}],"wp:term":[{"taxonomy":"category","embeddable":true,"href":"https:\/\/linitiative.ca\/International\/wp-json\/wp\/v2\/categories?post=92207"},{"taxonomy":"post_tag","embeddable":true,"href":"https:\/\/linitiative.ca\/International\/wp-json\/wp\/v2\/tags?post=92207"}],"curies":[{"name":"wp","href":"https:\/\/api.w.org\/{rel}","templated":true}]}}