{"id":92211,"date":"2020-07-13T11:40:00","date_gmt":"2020-07-13T15:40:00","guid":{"rendered":"https:\/\/linitiative.ca\/International\/pour-infractions-au-confinement-3-164-vehicules-et-1-022-motos-mis-en-fourriere-a-oran\/"},"modified":"2020-07-13T11:40:00","modified_gmt":"2020-07-13T15:40:00","slug":"pour-infractions-au-confinement-3-164-vehicules-et-1-022-motos-mis-en-fourriere-a-oran","status":"publish","type":"post","link":"https:\/\/linitiative.ca\/International\/pour-infractions-au-confinement-3-164-vehicules-et-1-022-motos-mis-en-fourriere-a-oran\/","title":{"rendered":"POUR INFRACTIONS AU CONFINEMENT : 3.164 v\u00e9hicules et 1.022 motos mis en fourri\u00e8re \u00e0 Oran"},"content":{"rendered":"<p><br id=\"sep_para_1\" class=\"sep_para access\"\/><\/p>\n<div id=\"para_1\" class=\"para_37876297 resize\">\n<div class=\"texte access firstletter\">Trois mille cent soixante quatre v\u00e9hicules et mille vingt deux motos ont \u00e9t\u00e9 plac\u00e9s \u00e0 la fourri\u00e8re communale\u00a0 d&rsquo;Es-S\u00e9nia \u00e0 Oran, depuis le d\u00e9but du confinement partiel instaur\u00e9 le 28 mars dernier, pour circulation durant les horaires de confinement, dont l\u2019interdiction de circuler avait\u00a0 \u00e9t\u00e9 fix\u00e9 de 20 heures \u00e0 5 heures du matin, nombre de propri\u00e9taires de v\u00e9hicules saisis s\u2019adonnaient \u00e0 des activit\u00e9s de transport clandestin. Les \u00e9l\u00e9ments des services de police ont \u00e9galement r\u00e9dig\u00e9 des PV contre 469 chauffeurs de taxis et 118 autres de bus pour non-respect de ces consignes de pr\u00e9vention. Enfin, 103 conducteurs ont \u00e9t\u00e9 interpell\u00e9s pour d\u00e9faut du\u00a0 permis de conduire. Par ailleurs, durant ces quatre mois, 5.602 commerces ont \u00e9t\u00e9 contr\u00f4l\u00e9s pour d\u00e9faut de respect des mesures de pr\u00e9vention et de protection contre le\u00a0 coronavirus. Ces op\u00e9rations ont permis de r\u00e9diger 4.085 avertissements et 1.017 propositions de fermeture de locaux ont \u00e9t\u00e9 formul\u00e9es pour cause\u00a0 d\u2019exercice des activit\u00e9s en d\u00e9pit de leur interdiction, ainsi que le\u00a0 manque\u00a0 d\u2019hygi\u00e8ne, pr\u00e9cise-t-on de m\u00eame source. Les services de police de la wilaya d\u2019Oran ont\u00a0 enregistr\u00e9, du 28 mars au\u00a0 7 juillet courant, quelque 17.000 infractions pour le non-respect des mesures de confinement sanitaire prises pour lutter contre le Covid-19. Durant la p\u00e9riode en question, quelque 17.375 proc\u00e9dures judiciaires ont \u00e9t\u00e9\u00a0 ouvertes \u00e0 l\u2019encontre de personnes ayant transgress\u00e9 les mesures de\u00a0 confinement et de pr\u00e9vention contre la propagation de la pand\u00e9mie, tandis\u00a0 que 28.735 autres individus ont fait l\u2019objet de contr\u00f4les, a-t-on indiqu\u00e9l. Par ailleurs, 5.836 personnes ont \u00e9t\u00e9 interpell\u00e9es pour le non-port de\u00a0 bavettes. Durant cette m\u00eame p\u00e9riode, quelque 759 op\u00e9rations d\u2019information et de\u00a0 sensibilisation sur les dangers de la pand\u00e9mie ont \u00e9t\u00e9 organis\u00e9es au profit\u00a0 des taxieurs et 266 autres en direction des conducteurs de bus.\u00a0\u00a0\u00a0\u00a0\u00a0\u00a0\u00a0\u00a0\u00a0\u00a0\u00a0\u00a0\u00a0\u00a0\u00a0\u00a0\u00a0<\/div>\n<\/div>\n<p>Auteur: Medjadji H.<br \/>\n<a href=\"https:\/\/www.reflexiondz.net\/POUR-INFRACTIONS-AU-CONFINEMENT-3-164-vehicules-et-1-022-motos-mis-en-fourriere-a-Oran_a63953.html\">Cliquez ici pour lire l&rsquo;article depuis sa source.<\/a><\/p>\n","protected":false},"excerpt":{"rendered":"<p>Trois mille cent soixante quatre v\u00e9hicules et mille vingt deux motos ont \u00e9t\u00e9 plac\u00e9s \u00e0 la fourri\u00e8re communale\u00a0 d&rsquo;Es-S\u00e9nia \u00e0 Oran, depuis le d\u00e9but du confinement partiel instaur\u00e9 le 28 mars dernier, pour circulation durant les horaires de confinement, dont l\u2019interdiction de circuler avait\u00a0 \u00e9t\u00e9 fix\u00e9 de 20 heures \u00e0 5 heures du matin, nombre [&hellip;]<\/p>\n","protected":false},"author":1740,"featured_media":0,"comment_status":"closed","ping_status":"closed","sticky":false,"template":"","format":"standard","meta":{"fifu_image_url":"","fifu_image_alt":"","footnotes":""},"categories":[53,76],"tags":[],"class_list":["post-92211","post","type-post","status-publish","format-standard","hentry","category-algerie","category-regions"],"_links":{"self":[{"href":"https:\/\/linitiative.ca\/International\/wp-json\/wp\/v2\/posts\/92211","targetHints":{"allow":["GET"]}}],"collection":[{"href":"https:\/\/linitiative.ca\/International\/wp-json\/wp\/v2\/posts"}],"about":[{"href":"https:\/\/linitiative.ca\/International\/wp-json\/wp\/v2\/types\/post"}],"author":[{"embeddable":true,"href":"https:\/\/linitiative.ca\/International\/wp-json\/wp\/v2\/users\/1740"}],"replies":[{"embeddable":true,"href":"https:\/\/linitiative.ca\/International\/wp-json\/wp\/v2\/comments?post=92211"}],"version-history":[{"count":0,"href":"https:\/\/linitiative.ca\/International\/wp-json\/wp\/v2\/posts\/92211\/revisions"}],"wp:attachment":[{"href":"https:\/\/linitiative.ca\/International\/wp-json\/wp\/v2\/media?parent=92211"}],"wp:term":[{"taxonomy":"category","embeddable":true,"href":"https:\/\/linitiative.ca\/International\/wp-json\/wp\/v2\/categories?post=92211"},{"taxonomy":"post_tag","embeddable":true,"href":"https:\/\/linitiative.ca\/International\/wp-json\/wp\/v2\/tags?post=92211"}],"curies":[{"name":"wp","href":"https:\/\/api.w.org\/{rel}","templated":true}]}}