{"id":92212,"date":"2020-07-13T11:40:00","date_gmt":"2020-07-13T15:40:00","guid":{"rendered":"https:\/\/linitiative.ca\/International\/oran-quatre-communes-dain-turck-sans-eau-depuis-15-jours\/"},"modified":"2020-07-13T11:40:00","modified_gmt":"2020-07-13T15:40:00","slug":"oran-quatre-communes-dain-turck-sans-eau-depuis-15-jours","status":"publish","type":"post","link":"https:\/\/linitiative.ca\/International\/oran-quatre-communes-dain-turck-sans-eau-depuis-15-jours\/","title":{"rendered":"ORAN : Quatre communes d\u2019Ain T\u00fcrck sans eau depuis 15 jours"},"content":{"rendered":"<p><br id=\"sep_para_1\" class=\"sep_para access\"\/><\/p>\n<div id=\"para_1\" class=\"para_37876293 resize\">\n<div class=\"texte access firstletter\">Suite \u00e0 cette crise qui ne dit pas son nom, les habitants tirent le diable par la queue. Les populations sont dans la tourmente et vivent un v\u00e9ritable calvaire dans ce contexte de pand\u00e9mie du coronavirus. Elles sont oblig\u00e9es de parcourir de grandes distances pour s\u2019approvisionner en eau \u00e0 partir de citernes d\u2019eau impropre \u00e0 la consommation pour un montant de 1500 Da la citerne, parfois elles sont contraintes d\u2019acheter des bouteilles d\u2019eau min\u00e9rale pour satisfaire certains de leurs besoins. \u00ab Depuis deux semaines, nous vivons une v\u00e9ritable crise d\u2019eau dans notre quartier, o\u00f9 les robinets sont \u00e0 sec depuis 15 jours et qui dit mieux. C\u2019est vraiment insupportable de vivre de la sorte surtout en ces temps de canicule. Malgr\u00e9 nos r\u00e9clamations incessantes aupr\u00e8s de la partie concern\u00e9e, le probl\u00e8me perdure \u00bb, nous a dit un habitant. Interrog\u00e9 sur la question, un gardien de la Seor , nous a fait savoir que cette situation serait due \u00e0 une panne . C\u2018est dire qu\u2019\u00e0 l\u2019heure actuelle, aucune solution ne pointe \u00e0 l\u2019horizon. Ce qui am\u00e8ne \u00e0 dire que ce manque d\u2019eau qui frappe de plein fouet plusieurs quartiers\u00a0 des communes de la da\u00efra de Ain Turck va perdurer encore, au grand dam de la population citoyenne qui va certainement souffrir pendant cet \u00e9t\u00e9. En r\u00e9alit\u00e9, ce sont les populations de 13 communes de la wilaya d\u2019Oran, c\u00f4t\u00e9 Est, y compris plusieurs quartiers de la ville d\u2019Oran, qui sont priv\u00e9s d\u2019alimentation en eau potable depuis plusieurs jours, \u00e0 la suite de la rupture d\u2019une conduite de transfert d\u2019eau du MAO (Mostaganem-Arzew-Oran), selon les informations recueillies aupr\u00e8s des habitants qui nous ont inform\u00e9s que les causes de la coupure d\u2019eau\u00a0 sont dues \u00e0 un\u00a0 \u00e9clatement de la conduite qui est complexe. C\u2019est une d\u00e9faillance de la conduite elle-m\u00eame, un d\u00e9faut de fabrication. R\u00e9tabli une premi\u00e8re fois,\u00a0 l\u2019alimentation en eau et apr\u00e8s 30 heures, il y a eu une seconde rupture. Selon nos m\u00eames interlocuteurs plusieurs milliards, auraient \u00e9t\u00e9 d\u00e9pens\u00e9es avec des conduites d\u00e9faillantes. En plus des cons\u00e9quences \u00e9conomiques \u00e9videntes, la situation est surtout difficile pour les abonn\u00e9s et les milliers de foyers qui, en pleine canicule, sont livr\u00e9s \u00e0 eux-m\u00eames.\u00a0<\/div>\n<\/div>\n<p>Auteur: Medjdji H.<br \/>\n<a href=\"https:\/\/www.reflexiondz.net\/ORAN-Quatre-communes-d-Ain-T%C3%BCrck-sans-eau-depuis-15-jours_a63952.html\">Cliquez ici pour lire l&rsquo;article depuis sa source.<\/a><\/p>\n","protected":false},"excerpt":{"rendered":"<p>Suite \u00e0 cette crise qui ne dit pas son nom, les habitants tirent le diable par la queue. Les populations sont dans la tourmente et vivent un v\u00e9ritable calvaire dans ce contexte de pand\u00e9mie du coronavirus. Elles sont oblig\u00e9es de parcourir de grandes distances pour s\u2019approvisionner en eau \u00e0 partir de citernes d\u2019eau impropre \u00e0 [&hellip;]<\/p>\n","protected":false},"author":1740,"featured_media":0,"comment_status":"closed","ping_status":"closed","sticky":false,"template":"","format":"standard","meta":{"fifu_image_url":"","fifu_image_alt":"","footnotes":""},"categories":[53,76],"tags":[],"class_list":["post-92212","post","type-post","status-publish","format-standard","hentry","category-algerie","category-regions"],"_links":{"self":[{"href":"https:\/\/linitiative.ca\/International\/wp-json\/wp\/v2\/posts\/92212","targetHints":{"allow":["GET"]}}],"collection":[{"href":"https:\/\/linitiative.ca\/International\/wp-json\/wp\/v2\/posts"}],"about":[{"href":"https:\/\/linitiative.ca\/International\/wp-json\/wp\/v2\/types\/post"}],"author":[{"embeddable":true,"href":"https:\/\/linitiative.ca\/International\/wp-json\/wp\/v2\/users\/1740"}],"replies":[{"embeddable":true,"href":"https:\/\/linitiative.ca\/International\/wp-json\/wp\/v2\/comments?post=92212"}],"version-history":[{"count":0,"href":"https:\/\/linitiative.ca\/International\/wp-json\/wp\/v2\/posts\/92212\/revisions"}],"wp:attachment":[{"href":"https:\/\/linitiative.ca\/International\/wp-json\/wp\/v2\/media?parent=92212"}],"wp:term":[{"taxonomy":"category","embeddable":true,"href":"https:\/\/linitiative.ca\/International\/wp-json\/wp\/v2\/categories?post=92212"},{"taxonomy":"post_tag","embeddable":true,"href":"https:\/\/linitiative.ca\/International\/wp-json\/wp\/v2\/tags?post=92212"}],"curies":[{"name":"wp","href":"https:\/\/api.w.org\/{rel}","templated":true}]}}