{"id":92223,"date":"2020-07-13T11:34:00","date_gmt":"2020-07-13T15:34:00","guid":{"rendered":"https:\/\/linitiative.ca\/International\/kaies-saied-il-ny-a-pas-eu-de-concertations-autour-dun-successeur-de-elyes-fakhfakh-video\/"},"modified":"2020-07-13T11:34:00","modified_gmt":"2020-07-13T15:34:00","slug":"kaies-saied-il-ny-a-pas-eu-de-concertations-autour-dun-successeur-de-elyes-fakhfakh-video","status":"publish","type":"post","link":"https:\/\/linitiative.ca\/International\/kaies-saied-il-ny-a-pas-eu-de-concertations-autour-dun-successeur-de-elyes-fakhfakh-video\/","title":{"rendered":"Kaies Saied: il n&rsquo;y a pas eu de concertations autour d&rsquo;un successeur de Ely\u00e8s Fakhfakh (Vid\u00e9o)"},"content":{"rendered":"<p>Le pr\u00e9sident Ka\u00efs Sa\u00efed, a d\u00e9menti toute n\u00e9gociation avec les partis en rapport avec la formation d\u2019un nouveau gouvernement lors de sa rencontre ce lundi avec Ely\u00e8s Fakhfakh et le secr\u00e9taire g\u00e9n\u00e9ral de l\u2019Ugtt, Noureddine Taboubi.<\/p>\n<p>Ka\u00efs Sa\u00efed s\u2019est exprim\u00e9 \u00e0 ce sujet lors d\u2019une rencontre avec le chef du gouvernement, Ely\u00e8s Fakhfakh, et le secr\u00e9taire g\u00e9n\u00e9ral de l\u2019UGTT), Noureddine Taboubi. Il n\u2019y aura pas de pourparlers\u00a0 sur le nom d&rsquo;un successeur \u00e0 la\u00a0 pr\u00e9sidence du gouvernement, tant que l&rsquo;actuel titulaire est encore en posteakhfakh a pr\u00e9cis\u00e9 le pr\u00e9sident de la R\u00e9publique qui a accus\u00e9 Ennahdha d&rsquo;avoir cherch\u00e9 \u00e0 induire en errreur l&rsquo;opinion publique.<br \/>\u00a0<\/p>\n<p class=\"c3\"><iframe loading=\"lazy\" src=\"https:\/\/www.facebook.com\/plugins\/video.php?href=https%3A%2F%2Fwww.facebook.com%2FPresidence.tn%2Fvideos%2F1114039858983260%2F&amp;show_text=0&amp;width=560\" class=\"c2\" scrolling=\"no\" allowtransparency=\"true\" allowfullscreen=\"true\" width=\"560\" height=\"315\" frameborder=\"0\">[embedded content]<\/iframe><\/p>\n<p>Auteur:<br \/>\n<a href=\"https:\/\/www.leaders.com.tn\/article\/30259-kaies-saied-il-n-y-a-pas-eu-de-concertations-autour-d-un-successeur-de-elyes-fakhfakh-video\">Cliquez ici pour lire l&rsquo;article depuis sa source.<\/a><\/p>\n","protected":false},"excerpt":{"rendered":"<p>Le pr\u00e9sident Ka\u00efs Sa\u00efed, a d\u00e9menti toute n\u00e9gociation avec les partis en rapport avec la formation d\u2019un nouveau gouvernement lors de sa rencontre ce lundi avec Ely\u00e8s Fakhfakh et le secr\u00e9taire g\u00e9n\u00e9ral de l\u2019Ugtt, Noureddine Taboubi. Ka\u00efs Sa\u00efed s\u2019est exprim\u00e9 \u00e0 ce sujet lors d\u2019une rencontre avec le chef du gouvernement, Ely\u00e8s Fakhfakh, et le [&hellip;]<\/p>\n","protected":false},"author":1772,"featured_media":0,"comment_status":"closed","ping_status":"closed","sticky":false,"template":"","format":"standard","meta":{"fifu_image_url":"","fifu_image_alt":"","footnotes":""},"categories":[73,55],"tags":[],"class_list":["post-92223","post","type-post","status-publish","format-standard","hentry","category-actualite","category-tunisie"],"_links":{"self":[{"href":"https:\/\/linitiative.ca\/International\/wp-json\/wp\/v2\/posts\/92223","targetHints":{"allow":["GET"]}}],"collection":[{"href":"https:\/\/linitiative.ca\/International\/wp-json\/wp\/v2\/posts"}],"about":[{"href":"https:\/\/linitiative.ca\/International\/wp-json\/wp\/v2\/types\/post"}],"author":[{"embeddable":true,"href":"https:\/\/linitiative.ca\/International\/wp-json\/wp\/v2\/users\/1772"}],"replies":[{"embeddable":true,"href":"https:\/\/linitiative.ca\/International\/wp-json\/wp\/v2\/comments?post=92223"}],"version-history":[{"count":0,"href":"https:\/\/linitiative.ca\/International\/wp-json\/wp\/v2\/posts\/92223\/revisions"}],"wp:attachment":[{"href":"https:\/\/linitiative.ca\/International\/wp-json\/wp\/v2\/media?parent=92223"}],"wp:term":[{"taxonomy":"category","embeddable":true,"href":"https:\/\/linitiative.ca\/International\/wp-json\/wp\/v2\/categories?post=92223"},{"taxonomy":"post_tag","embeddable":true,"href":"https:\/\/linitiative.ca\/International\/wp-json\/wp\/v2\/tags?post=92223"}],"curies":[{"name":"wp","href":"https:\/\/api.w.org\/{rel}","templated":true}]}}