{"id":92225,"date":"2020-07-13T06:00:00","date_gmt":"2020-07-13T10:00:00","guid":{"rendered":"https:\/\/linitiative.ca\/International\/donnez-nous-juste-le-signal-et-on-clignotera\/"},"modified":"2020-07-13T06:00:00","modified_gmt":"2020-07-13T10:00:00","slug":"donnez-nous-juste-le-signal-et-on-clignotera","status":"publish","type":"post","link":"https:\/\/linitiative.ca\/International\/donnez-nous-juste-le-signal-et-on-clignotera\/","title":{"rendered":"Donnez-nous juste le signal, et on clignotera !"},"content":{"rendered":"<p class=\"c4\">Coinc\u00e9 depuis vendredi dernier chez sa belle-m\u00e8re par le couvre-feu, il se suicide !\u00a0<\/p>\n<p class=\"c4\"><strong>Ces drames dont on ne parle pas !\u00a0<\/strong><\/p>\n<p class=\"c4\">\u00c0 partir de quel moment la situation sanitaire peut-elle \u00eatre d\u00e9crite de mani\u00e8re autoris\u00e9e comme grave ? D\u00e8s que Marine Le Pen consid\u00e9rera comme normal et naturel que la France pr\u00e9sente des excuses \u00e0 la D\u00e9z\u00e9die ? D\u00e8s le moment o\u00f9 nous pourrons croiser des moutons sans que nos narines n\u2019exhalent l\u2019odeur du charbon et nos dents ne s\u2019allongent comme des piques de \u00ab Ch\u2019wa \u00bb ? D\u00e8s que les sceptiques du Covid-19 feront leur comin-out en masse, en procession, les bras et les jambes entrav\u00e9s par des bavettes XXL et des bouteilles de gel hydroalcoolique en \u00e9quilibre sur leurs t\u00eates, d\u00e9j\u00e0 pas tr\u00e8s \u00e9quilibr\u00e9es, \u00e0 l\u2019origine ? D\u00e8s que Alg\u00e9rie-T\u00e9l\u00e9com s\u2019excusera publiquement aupr\u00e8s de la Conf\u00e9d\u00e9ration nationale des Escargots pour \u00abconcurrence d\u00e9loyale\u00bb, et aupr\u00e8s de l\u2019Union des couturiers et tailleurs pour \u00abcoupures intempestives cousues de fil blanc\u00bb ? D\u00e8s que les patients, dans les services Covid-19, gravement atteints et rong\u00e9s par la fibrose trouveront malgr\u00e9 tout la force, les derni\u00e8res forces pour obliger leurs m\u00e9decins \u00e0 marquer des pauses pour ne pas mourir d\u2019\u00e9puisement ? Faut juste nous dire \u00e0 partir de quel moment on peut ! Et ensuite, nous passerons dans la joie et l\u2019all\u00e9gresse \u00e0 l\u2019\u00e9tape suivante. Celle au cours de laquelle vous aurez la gentillesse et l\u2019extr\u00eame amabilit\u00e9 de nous indiquer avec pr\u00e9cision, coordonn\u00e9es GPS \u00e0 l\u2019appui ; quand nous pourrons respirer, dans quelle direction du vent tousser et enfin \u00e0 quel moment appropri\u00e9 et responsable fumer du th\u00e9 pour rester convenablement et sagement \u00e9veill\u00e9 \u00e0 ce cauchemar qui continue.\u00a0<br \/><em><strong>H. L.<\/strong><\/em><\/p>\n<p>Auteur:<br \/>\n<a href=\"https:\/\/www.lesoirdalgerie.com\/pousse-avec-eux\/donnez-nous-juste-le-signal-et-on-clignotera-44991\">Cliquez ici pour lire l&rsquo;article depuis sa source.<\/a><\/p>\n","protected":false},"excerpt":{"rendered":"<p>Coinc\u00e9 depuis vendredi dernier chez sa belle-m\u00e8re par le couvre-feu, il se suicide !\u00a0 Ces drames dont on ne parle pas !\u00a0 \u00c0 partir de quel moment la situation sanitaire peut-elle \u00eatre d\u00e9crite de mani\u00e8re autoris\u00e9e comme grave ? D\u00e8s que Marine Le Pen consid\u00e9rera comme normal et naturel que la France pr\u00e9sente des excuses [&hellip;]<\/p>\n","protected":false},"author":1741,"featured_media":0,"comment_status":"closed","ping_status":"closed","sticky":false,"template":"","format":"standard","meta":{"fifu_image_url":"","fifu_image_alt":"","footnotes":""},"categories":[73,53],"tags":[],"class_list":["post-92225","post","type-post","status-publish","format-standard","hentry","category-actualite","category-algerie"],"_links":{"self":[{"href":"https:\/\/linitiative.ca\/International\/wp-json\/wp\/v2\/posts\/92225","targetHints":{"allow":["GET"]}}],"collection":[{"href":"https:\/\/linitiative.ca\/International\/wp-json\/wp\/v2\/posts"}],"about":[{"href":"https:\/\/linitiative.ca\/International\/wp-json\/wp\/v2\/types\/post"}],"author":[{"embeddable":true,"href":"https:\/\/linitiative.ca\/International\/wp-json\/wp\/v2\/users\/1741"}],"replies":[{"embeddable":true,"href":"https:\/\/linitiative.ca\/International\/wp-json\/wp\/v2\/comments?post=92225"}],"version-history":[{"count":0,"href":"https:\/\/linitiative.ca\/International\/wp-json\/wp\/v2\/posts\/92225\/revisions"}],"wp:attachment":[{"href":"https:\/\/linitiative.ca\/International\/wp-json\/wp\/v2\/media?parent=92225"}],"wp:term":[{"taxonomy":"category","embeddable":true,"href":"https:\/\/linitiative.ca\/International\/wp-json\/wp\/v2\/categories?post=92225"},{"taxonomy":"post_tag","embeddable":true,"href":"https:\/\/linitiative.ca\/International\/wp-json\/wp\/v2\/tags?post=92225"}],"curies":[{"name":"wp","href":"https:\/\/api.w.org\/{rel}","templated":true}]}}