{"id":92227,"date":"2020-07-13T06:00:00","date_gmt":"2020-07-13T10:00:00","guid":{"rendered":"https:\/\/linitiative.ca\/International\/selon-le-ministre-des-finances-la-programmation-triennale-des-budgets-permettra-plus-de-transparence\/"},"modified":"2020-07-13T06:00:00","modified_gmt":"2020-07-13T10:00:00","slug":"selon-le-ministre-des-finances-la-programmation-triennale-des-budgets-permettra-plus-de-transparence","status":"publish","type":"post","link":"https:\/\/linitiative.ca\/International\/selon-le-ministre-des-finances-la-programmation-triennale-des-budgets-permettra-plus-de-transparence\/","title":{"rendered":"Selon le ministre des Finances, la programmation triennale des budgets permettra plus de transparence"},"content":{"rendered":"<p>La programmation pr\u00e9visionnelle triennale des budgets des diff\u00e9rentes institutions publiques, dans le cadre de la loi organique de septembre 2018 relative aux lois de finances (Lolf)\u00a0 permettra plus de ma\u00eetrise des finances et de transparence, avait\u00a0 indiqu\u00e9, le 29 juin dernier, le ministre des finances, Aymane Benabderrahmane.<br \/>En marge d&rsquo;une journ\u00e9e d&rsquo;\u00e9tude\u00a0 portant sur \u00abLa mise en \u0153uvre de la r\u00e9forme budg\u00e9taire\u00bb, le ministre a fait savoir que la mise en \u0153uvre de cette loi organique permettra d&rsquo;instaurer plus de transparence \u00abet donner plus de diligence aux responsables des diff\u00e9rents d\u00e9partements minist\u00e9riels et des organismes publics \u00e0 l&rsquo;effet de pr\u00e9parer leurs budgets sur un objectif triennal\u00bb. \u00abCela permettra aux gestionnaires de ma\u00eetriser les flux budg\u00e9taires et \u00e0 l&rsquo;Etat de se projeter sur des espaces temporels plus cons\u00e9quents, notamment pour \u00e9viter d&rsquo;\u00eatre pris au d\u00e9pourvu et \u00e9viter ainsi de d\u00e9vier des objectifs initiaux ainsi que les r\u00e9\u00e9valuations budg\u00e9taires qui ont impact\u00e9 n\u00e9gativement le budget de l&rsquo;Etat dans le pass\u00e9\u00bb, a-t-il soutenu. Concernant la mise en \u0153uvre de la Lolf (loi organique sur les lois de finances), il s&rsquo;agit, selon lui, d&rsquo;informer tous les organismes publics sur les nouveaut\u00e9s port\u00e9es par cette loi organique, qui leur permet de programmer l&rsquo;ensemble de leurs d\u00e9penses dans un cadre triennal et non plus annuel. \u00abCela permettra une meilleure ma\u00eetrise des d\u00e9penses publiques\u00bb, a-t-il estim\u00e9, expliquant que la mise en place d&rsquo;un cadre temporel a pour but de faciliter les mesures de calcul des recettes et des d\u00e9penses. Il s&rsquo;agit \u00e9galement de faciliter pour l&rsquo;ensemble des d\u00e9partements minist\u00e9riels la mise en place d&rsquo;un budget pr\u00e9visionnel pour suivre les d\u00e9penses publiques dans un cadre transparent et moderne, a-t-il soutenu, affirmant que \u00abla priorit\u00e9 est de ma\u00eetriser les d\u00e9penses et de les orienter vers les investissements productifs\u00bb.<br \/>LSC<\/p>\n<p>Auteur:<br \/>\n<a href=\"https:\/\/www.lesoirdalgerie.com\/corruption\/selon-le-ministre-des-finances-la-programmation-triennale-des-budgets-permettra-plus-de-transparence-44989\">Cliquez ici pour lire l&rsquo;article depuis sa source.<\/a><\/p>\n","protected":false},"excerpt":{"rendered":"<p>La programmation pr\u00e9visionnelle triennale des budgets des diff\u00e9rentes institutions publiques, dans le cadre de la loi organique de septembre 2018 relative aux lois de finances (Lolf)\u00a0 permettra plus de ma\u00eetrise des finances et de transparence, avait\u00a0 indiqu\u00e9, le 29 juin dernier, le ministre des finances, Aymane Benabderrahmane.En marge d&rsquo;une journ\u00e9e d&rsquo;\u00e9tude\u00a0 portant sur \u00abLa mise [&hellip;]<\/p>\n","protected":false},"author":1741,"featured_media":0,"comment_status":"closed","ping_status":"closed","sticky":false,"template":"","format":"standard","meta":{"fifu_image_url":"","fifu_image_alt":"","footnotes":""},"categories":[73,53],"tags":[],"class_list":["post-92227","post","type-post","status-publish","format-standard","hentry","category-actualite","category-algerie"],"_links":{"self":[{"href":"https:\/\/linitiative.ca\/International\/wp-json\/wp\/v2\/posts\/92227","targetHints":{"allow":["GET"]}}],"collection":[{"href":"https:\/\/linitiative.ca\/International\/wp-json\/wp\/v2\/posts"}],"about":[{"href":"https:\/\/linitiative.ca\/International\/wp-json\/wp\/v2\/types\/post"}],"author":[{"embeddable":true,"href":"https:\/\/linitiative.ca\/International\/wp-json\/wp\/v2\/users\/1741"}],"replies":[{"embeddable":true,"href":"https:\/\/linitiative.ca\/International\/wp-json\/wp\/v2\/comments?post=92227"}],"version-history":[{"count":0,"href":"https:\/\/linitiative.ca\/International\/wp-json\/wp\/v2\/posts\/92227\/revisions"}],"wp:attachment":[{"href":"https:\/\/linitiative.ca\/International\/wp-json\/wp\/v2\/media?parent=92227"}],"wp:term":[{"taxonomy":"category","embeddable":true,"href":"https:\/\/linitiative.ca\/International\/wp-json\/wp\/v2\/categories?post=92227"},{"taxonomy":"post_tag","embeddable":true,"href":"https:\/\/linitiative.ca\/International\/wp-json\/wp\/v2\/tags?post=92227"}],"curies":[{"name":"wp","href":"https:\/\/api.w.org\/{rel}","templated":true}]}}