{"id":92230,"date":"2020-07-13T13:36:41","date_gmt":"2020-07-13T17:36:41","guid":{"rendered":"https:\/\/linitiative.ca\/International\/coronavirus-651-nouvelles-guerisons-lundi-13-juillet-a-18-heures-2747-cas-actifs\/"},"modified":"2020-07-13T13:36:41","modified_gmt":"2020-07-13T17:36:41","slug":"coronavirus-651-nouvelles-guerisons-lundi-13-juillet-a-18-heures-2747-cas-actifs","status":"publish","type":"post","link":"https:\/\/linitiative.ca\/International\/coronavirus-651-nouvelles-guerisons-lundi-13-juillet-a-18-heures-2747-cas-actifs\/","title":{"rendered":"Coronavirus : 651 nouvelles gu\u00e9risons lundi 13 juillet \u00e0 18 heures, 2747 cas actifs"},"content":{"rendered":"<p><strong>Le nombre de gu\u00e9rison ne cesse d\u2019augmenter au Maroc, avec 651 nouvelles personnes qui ont \u00e9t\u00e9 gu\u00e9ries ces derni\u00e8res 24 heures du coronavirus. Le nombre de cas cumul\u00e9s atteint d\u00e9sormais 15.936.<\/strong><\/p>\n<div class=\"c10\"\/>\n<p>Le Maroc a enregistr\u00e9 ces derni\u00e8res 24 heures 191 nouveaux cas de contamination au coronavirus. Le bilan total des cas positifs s\u2019\u00e9l\u00e8ve d\u00e9sormais \u00e0 15.936. Le nombre de <strong>gu\u00e9risons<\/strong> atteint d\u00e9sormais 12.934, soit 651 personnes gu\u00e9ries ces derni\u00e8res 24 heures. Le nombre de d\u00e9c\u00e8s, quant \u00e0 lui, est de 255 (+5 d\u00e9c\u00e8s ces derni\u00e8res 24 heures). Notons que le taux de mortalit\u00e9 se situe \u00e0 1,6%.<\/p>\n<p><strong>Lire aussi|<\/strong> <a href=\"https:\/\/www.challenge.ma\/casablanca-plusieurs-etablissements-fermes-sur-la-corniche-pour-non-respect-des-regles-sanitaires-148716\/\"><strong>Casablanca : plusieurs \u00e9tablissements ferm\u00e9s sur la corniche pour non-respect des r\u00e8gles sanitaires<\/strong><\/a><\/p>\n<p>On d\u00e9nombre d\u00e9sormais 2747 cas actifs au Maroc, selon le bilan de ce lundi 13 juillet \u00e0 18 heures. Selon le minist\u00e8re de la Sant\u00e9, le nombre croissant des d\u00e9c\u00e8s et des cas critiques d\u2019infection au coronavirus, enregistr\u00e9s durant la deuxi\u00e8me phase de la lev\u00e9e progressive des mesures de confinement, est d\u00fb au non respect des <strong>mesures pr\u00e9ventives<\/strong> instaur\u00e9es par les autorit\u00e9s, notamment le port obligatoire de masque, le respect de la distanciation physique, le lavage r\u00e9gulier des mains et l\u2019utilisation de l\u2019application \u00ab\u00a0wiqaytna\u00a0\u00bb.<\/p>\n<p><strong>Lire aussi|<\/strong> <a href=\"https:\/\/www.challenge.ma\/coronavirus-lurgence-dune-relance-economique-plus-verte-148753\/\"><strong>Coronavirus : l\u2019urgence d\u2019une relance \u00e9conomique plus verte<\/strong><\/a><\/p>\n<p>Le d\u00e9partement de la Sant\u00e9 invite ainsi l\u2019ensemble des citoyens \u00e0 se respecter strictement les mesures pr\u00e9ventives et porter correctement le masque, respecter la distanciation physique, laver r\u00e9guli\u00e8rement les mains et t\u00e9l\u00e9charger l\u2019application \u00ab<strong>\u00a0wiqaytna\u00a0<\/strong>\u00bb, en plus d\u2019\u00e9viter les rassemblements et le crachat dans les espaces publics afin de limiter la propagation de la pand\u00e9mie.<\/p>\n<div class=\"vw-sticky-sidebar-wrapper vw-sticky-sidebar widget_text awac-wrapper widget_text awac widget custom_html-4 textwidget custom-html-widget\">\n<p class=\"has-background c12\"><span class=\"widget-title c11\">Tribune et D\u00e9bats<\/span><\/p>\n<p>La tribune qui vous parle d\u2019une actu, d\u2019un sujet qui fait d\u00e9bat, les traitent et les analysent. \u00c9conomistes et autres experts, patrons d\u2019entreprises, d\u00e9cideurs, acteurs de la soci\u00e9t\u00e9 civile, s\u2019y prononcent et contribuent \u00e0 sa grande richesse. Vous avez votre opinion, convergente ou diff\u00e9rente. Exprimez-la et mesurez-vous ainsi \u00e0 nos tribuns et d\u00e9batteurs.<\/p>\n<p>Envoyez vos analyses \u00e0 : <a href=\"\/cdn-cgi\/l\/email-protection#375458594356544377545f565b5b52595052195a56\"><span class=\"__cf_email__\" data-cfemail=\"365559584257554276555e575a5a53585153185b57\">[email\u00a0protected]<\/span><\/a>, en pr\u00e9cisant votre nom, votre pr\u00e9nom et votre m\u00e9tier.<\/p>\n<\/div>\n<p>Auteur: challenge<br \/>\n<a href=\"https:\/\/www.challenge.ma\/coronavirus-651-nouvelles-guerisons-lundi-13-juillet-a-18-heures-2747-cas-actifs-148872\/\">Cliquez ici pour lire l&rsquo;article depuis sa source.<\/a><\/p>\n","protected":false},"excerpt":{"rendered":"<p>Le nombre de gu\u00e9rison ne cesse d\u2019augmenter au Maroc, avec 651 nouvelles personnes qui ont \u00e9t\u00e9 gu\u00e9ries ces derni\u00e8res 24 heures du coronavirus. Le nombre de cas cumul\u00e9s atteint d\u00e9sormais 15.936. Le Maroc a enregistr\u00e9 ces derni\u00e8res 24 heures 191 nouveaux cas de contamination au coronavirus. Le bilan total des cas positifs s\u2019\u00e9l\u00e8ve d\u00e9sormais \u00e0 [&hellip;]<\/p>\n","protected":false},"author":1787,"featured_media":0,"comment_status":"closed","ping_status":"closed","sticky":false,"template":"","format":"standard","meta":{"fifu_image_url":"","fifu_image_alt":"","footnotes":""},"categories":[78,54],"tags":[],"class_list":["post-92230","post","type-post","status-publish","format-standard","hentry","category-economie","category-maroc"],"_links":{"self":[{"href":"https:\/\/linitiative.ca\/International\/wp-json\/wp\/v2\/posts\/92230","targetHints":{"allow":["GET"]}}],"collection":[{"href":"https:\/\/linitiative.ca\/International\/wp-json\/wp\/v2\/posts"}],"about":[{"href":"https:\/\/linitiative.ca\/International\/wp-json\/wp\/v2\/types\/post"}],"author":[{"embeddable":true,"href":"https:\/\/linitiative.ca\/International\/wp-json\/wp\/v2\/users\/1787"}],"replies":[{"embeddable":true,"href":"https:\/\/linitiative.ca\/International\/wp-json\/wp\/v2\/comments?post=92230"}],"version-history":[{"count":0,"href":"https:\/\/linitiative.ca\/International\/wp-json\/wp\/v2\/posts\/92230\/revisions"}],"wp:attachment":[{"href":"https:\/\/linitiative.ca\/International\/wp-json\/wp\/v2\/media?parent=92230"}],"wp:term":[{"taxonomy":"category","embeddable":true,"href":"https:\/\/linitiative.ca\/International\/wp-json\/wp\/v2\/categories?post=92230"},{"taxonomy":"post_tag","embeddable":true,"href":"https:\/\/linitiative.ca\/International\/wp-json\/wp\/v2\/tags?post=92230"}],"curies":[{"name":"wp","href":"https:\/\/api.w.org\/{rel}","templated":true}]}}