{"id":92233,"date":"2020-07-13T15:46:10","date_gmt":"2020-07-13T19:46:10","guid":{"rendered":"https:\/\/linitiative.ca\/International\/coronavirus-une-nouvelle-tranche-daides-au-profit-des-menages-de-linformel\/"},"modified":"2020-07-13T15:46:10","modified_gmt":"2020-07-13T19:46:10","slug":"coronavirus-une-nouvelle-tranche-daides-au-profit-des-menages-de-linformel","status":"publish","type":"post","link":"https:\/\/linitiative.ca\/International\/coronavirus-une-nouvelle-tranche-daides-au-profit-des-menages-de-linformel\/","title":{"rendered":"Coronavirus : une nouvelle tranche d\u2019aides au profit des m\u00e9nages de l\u2019informel"},"content":{"rendered":"<p><strong>Face aux difficult\u00e9s des m\u00e9nages \u00e0 cause de la crise sanitaire, le gouvernement, \u00e0 travers le Comit\u00e9 de veille \u00e9conomique (CVE), a d\u00e9cid\u00e9 d\u2019octroyer une nouvelle tranche d\u2019aides aux m\u00e9nages op\u00e9rant dans le secteur informel.<\/strong><\/p>\n<div class=\"c10\"\/>\n<p>Il s\u2019agit du troisi\u00e8me versement de ces aides qui visent \u00e0 soutenir les m\u00e9nages ayant perdu leur source de revenus \u00e0 cause du <strong>confinement<\/strong>. Le CVE souligne ainsi que l\u2019op\u00e9ration sera effectu\u00e9e selon des modalit\u00e9s et <strong>conditions strictes<\/strong>. Dans le d\u00e9tail, on apprend qu\u2019en premier lieu, le chef de m\u00e9nage qui a d\u00e9j\u00e0 b\u00e9n\u00e9fici\u00e9 des deux premiers versements doit envoyer son num\u00e9ro CNIE (Carte nationale d\u2019identit\u00e9 \u00e9lectronique) par SMS au 1212.<\/p>\n<p><strong>Lire aussi|<\/strong> <a href=\"https:\/\/www.challenge.ma\/transgression-de-letat-durgence-sanitaire-au-maroc-a-quand-la-tolerance-zero-148831\/\"><strong>Transgression de l\u2019Etat d\u2019urgence sanitaire au Maroc : \u00e0 quand la tol\u00e9rance z\u00e9ro ?<\/strong><\/a><\/p>\n<p>\u00ab\u00a0Cet envoi vaudra d\u00e9claration sur l\u2019honneur que c\u2019est la seule personne du m\u00e9nage \u00e0 b\u00e9n\u00e9ficier de cette aide d\u2019une part et qu\u2019elle a perdu ses sources de revenus durant le mois de juin 2020 du fait du confinement sanitaire d\u2019autre part\u00a0\u00bb, indique le <strong>CVE<\/strong>. En deuxi\u00e8me lieu, le message SMS doit \u00eatre envoy\u00e9 obligatoirement du m\u00eame num\u00e9ro de t\u00e9l\u00e9phone que celui qui a \u00e9t\u00e9 utilis\u00e9 pour les op\u00e9rations pr\u00e9c\u00e9dentes. Troisi\u00e8mement, le CVE indique que ces d\u00e9clarations devront se faire entre mercredi 15 juillet \u00e0 8h et vendredi 17 juillet \u00e0 minuit.<\/p>\n<p><strong>Lire aussi|<\/strong> <a href=\"https:\/\/www.challenge.ma\/coronavirus-le-ministere-de-la-sante-appelle-a-la-vigilance-148815\/\"><strong>Coronavirus : le minist\u00e8re de la Sant\u00e9 appelle \u00e0 la vigilance<\/strong><\/a><\/p>\n<p>Ensuite, les versements des <strong>aides<\/strong> s\u2019effectueront de la m\u00eame mani\u00e8re que les tranches pr\u00e9c\u00e9dentes et commenceront \u00e0 partir du 18 juillet 2020. Et enfin, notons que des contr\u00f4les seront effectu\u00e9s par les services comp\u00e9tents pour traquer d\u2019\u00e9ventuels fraudeurs. \u00ab\u00a0Toute fausse d\u00e9claration est passible de poursuites et les sommes ind\u00fbment servies devront \u00eatre rembours\u00e9es\u00a0\u00bb, pr\u00e9vient le CVE.<\/p>\n<div class=\"vw-sticky-sidebar-wrapper vw-sticky-sidebar widget_text awac-wrapper widget_text awac widget custom_html-4 textwidget custom-html-widget\">\n<p class=\"has-background c12\"><span class=\"widget-title c11\">Tribune et D\u00e9bats<\/span><\/p>\n<p>La tribune qui vous parle d\u2019une actu, d\u2019un sujet qui fait d\u00e9bat, les traitent et les analysent. \u00c9conomistes et autres experts, patrons d\u2019entreprises, d\u00e9cideurs, acteurs de la soci\u00e9t\u00e9 civile, s\u2019y prononcent et contribuent \u00e0 sa grande richesse. Vous avez votre opinion, convergente ou diff\u00e9rente. Exprimez-la et mesurez-vous ainsi \u00e0 nos tribuns et d\u00e9batteurs.<\/p>\n<p>Envoyez vos analyses \u00e0 : <a href=\"\/cdn-cgi\/l\/email-protection#7e1d11100a1f1d0a3e1d161f12121b10191b50131f\"><span class=\"__cf_email__\" data-cfemail=\"d4b7bbbaa0b5b7a094b7bcb5b8b8b1bab3b1fab9b5\">[email\u00a0protected]<\/span><\/a>, en pr\u00e9cisant votre nom, votre pr\u00e9nom et votre m\u00e9tier.<\/p>\n<\/div>\n<p>Auteur: challenge<br \/>\n<a href=\"https:\/\/www.challenge.ma\/coronavirus-une-nouvelle-tranche-daides-au-profit-des-menages-de-linformel-148887\/\">Cliquez ici pour lire l&rsquo;article depuis sa source.<\/a><\/p>\n","protected":false},"excerpt":{"rendered":"<p>Face aux difficult\u00e9s des m\u00e9nages \u00e0 cause de la crise sanitaire, le gouvernement, \u00e0 travers le Comit\u00e9 de veille \u00e9conomique (CVE), a d\u00e9cid\u00e9 d\u2019octroyer une nouvelle tranche d\u2019aides aux m\u00e9nages op\u00e9rant dans le secteur informel. Il s\u2019agit du troisi\u00e8me versement de ces aides qui visent \u00e0 soutenir les m\u00e9nages ayant perdu leur source de revenus [&hellip;]<\/p>\n","protected":false},"author":1787,"featured_media":0,"comment_status":"closed","ping_status":"closed","sticky":false,"template":"","format":"standard","meta":{"fifu_image_url":"","fifu_image_alt":"","footnotes":""},"categories":[78,54],"tags":[],"class_list":["post-92233","post","type-post","status-publish","format-standard","hentry","category-economie","category-maroc"],"_links":{"self":[{"href":"https:\/\/linitiative.ca\/International\/wp-json\/wp\/v2\/posts\/92233","targetHints":{"allow":["GET"]}}],"collection":[{"href":"https:\/\/linitiative.ca\/International\/wp-json\/wp\/v2\/posts"}],"about":[{"href":"https:\/\/linitiative.ca\/International\/wp-json\/wp\/v2\/types\/post"}],"author":[{"embeddable":true,"href":"https:\/\/linitiative.ca\/International\/wp-json\/wp\/v2\/users\/1787"}],"replies":[{"embeddable":true,"href":"https:\/\/linitiative.ca\/International\/wp-json\/wp\/v2\/comments?post=92233"}],"version-history":[{"count":0,"href":"https:\/\/linitiative.ca\/International\/wp-json\/wp\/v2\/posts\/92233\/revisions"}],"wp:attachment":[{"href":"https:\/\/linitiative.ca\/International\/wp-json\/wp\/v2\/media?parent=92233"}],"wp:term":[{"taxonomy":"category","embeddable":true,"href":"https:\/\/linitiative.ca\/International\/wp-json\/wp\/v2\/categories?post=92233"},{"taxonomy":"post_tag","embeddable":true,"href":"https:\/\/linitiative.ca\/International\/wp-json\/wp\/v2\/tags?post=92233"}],"curies":[{"name":"wp","href":"https:\/\/api.w.org\/{rel}","templated":true}]}}