{"id":92239,"date":"2020-07-13T13:58:36","date_gmt":"2020-07-13T17:58:36","guid":{"rendered":"https:\/\/linitiative.ca\/International\/tunisie-pourquoi-le-scandale-de-seifeddine-makhlouf-a-larp-et-pourquoi-maintenant\/"},"modified":"2020-07-13T13:58:36","modified_gmt":"2020-07-13T17:58:36","slug":"tunisie-pourquoi-le-scandale-de-seifeddine-makhlouf-a-larp-et-pourquoi-maintenant","status":"publish","type":"post","link":"https:\/\/linitiative.ca\/International\/tunisie-pourquoi-le-scandale-de-seifeddine-makhlouf-a-larp-et-pourquoi-maintenant\/","title":{"rendered":"Tunisie \u2013 Pourquoi le scandale de Seifeddine Makhlouf \u00e0 l\u2019ARP\u2026 Et pourquoi maintenant\u00a0?"},"content":{"rendered":"<div class=\"post-cont-in left relative\">\n<p>Le scandale de la bagarre entre <a href=\"https:\/\/www.tunisienumerique.com\/tunisie-actualite\/seifeddine-makhlouf\/\" title=\"Seifeddine Makhlouf\" target=\"_top\" class=\"auto-link\" rel=\"noopener noreferrer\">Seifeddine Makhlouf<\/a> et les agents de la garde pr\u00e9sidentielle en charge de la s\u00e9curit\u00e9 de l\u2019ARP, n\u2019a pas cess\u00e9 de susciter des remous et des r\u00e9actions, jusqu\u2019\u00e0 ce jour, tellement ce qu\u2019il a entrepris de faire, en voulant introduire un individu fich\u00e9 S17 \u00e0 l\u2019ARP, \u00e9tait insens\u00e9.<\/p>\n<div class=\"code-block code-block-1 c3\"><ins class=\"adsbygoogle c2\" data-ad-layout=\"in-article\" data-ad-format=\"fluid\" data-ad-client=\"ca-pub-2102118777505746\" data-ad-slot=\"7301775417\"\/> <\/div>\n<p>Pourtant, avocat qu\u2019il est, il devait savoir que sa tentative allait provoquer tout ce toll\u00e9. Et il ne pouvait pas se mettre dans cette situation ind\u00e9licate sans raisons, ou juste pour faire un scandale et s\u2019en prendre \u00e0 la garde pr\u00e9sidentielle, pour le principe.<\/p>\n<p>Ce qui a suivi cette bagarre avec les agents de la garde pr\u00e9sidentielle, comme attaque et injures prof\u00e9r\u00e9es \u00e0 l\u2019\u00e9gard d\u2019<a href=\"https:\/\/www.tunisienumerique.com\/tunisie-actualite\/abir-moussi\/\" title=\"Abir Moussi\" target=\"_top\" class=\"auto-link\" rel=\"noopener noreferrer\">Abir Moussi<\/a>, est tout aussi \u00e9tonnant de la part de Makhlouf, sachant qu\u2019il \u00e9tait quasiment assur\u00e9 de sa r\u00e9action explosive, et du fait qu\u2019elle n\u2019allait pas laisser passer l\u2019incident comme \u00e7\u00e0. Il devait, m\u00eame, certainement, pr\u00e9voir qu\u2019elle allait organiser son habituel sit-in\u2026 Et c\u2019est, peut-\u00eatre, \u00e7\u00e0 qu\u2019il voulait, justement\u00a0!<\/p>\n<p>Mais qu\u2019est ce qui pouvait pousser Makhlouf, ou ses donneurs d\u2019ordres, \u00e0 provoquer la col\u00e8re d\u2019Abir Moussi, sachant pertinemment qu\u2019elle risquait d\u2019aller jusqu\u2019\u00e0 bloquer les travaux de l\u2019assembl\u00e9e\u00a0?<\/p>\n<p>En d\u2019autres termes, qu\u2019est ce qu\u2019Abir Moussi pouvait emp\u00eacher en tenant son sit-in au sein de l\u2019ARP\u00a0?<\/p>\n<p>Tiens, ne serait-ce pas la s\u00e9ance d\u00e9di\u00e9e \u00e0 l\u2019\u00e9lection des membres de la cour constitutionnelle, pr\u00e9vue pour le 16 juillet\u00a0? Possible\u00a0! Surtout si on sait que juste apr\u00e8s la s\u00e9ance pl\u00e9ni\u00e8re pr\u00e9vue, il y aura les vacances parlementaires\u2026 Et du coup, la constitution de la cour constitutionnelle sera, \u00e0 nouveau, report\u00e9e \u00e0 d\u2019autres dates. Mais cette fois-ci, sans que les d\u00e9put\u00e9s d\u2019<a href=\"https:\/\/www.tunisienumerique.com\/tunisie-actualite\/ennahdha\/\" title=\"Ennahdha\" target=\"_top\" class=\"auto-link\" rel=\"noopener noreferrer\">Ennahdha<\/a> soient, directement, en cause de ce blocage.<\/p>\n<p>Est-ce que le report de l\u2019\u00e9lection des membres de la cour constitutionnelle aurait quelque chose \u00e0 voir avec le probl\u00e8me cr\u00e9\u00e9 de nulle part par Makhlouf\u00a0?<\/p>\n<div class=\"swp_social_panel swp_horizontal_panel swp_flat_fresh swp_default_full_color swp_individual_full_color swp_other_full_color scale-100 scale-\" data-min-width=\"1100\" data-float-color=\"#ffffff\" data-float=\"bottom\" data-float-mobile=\"bottom\" data-transition=\"slide\">\n<div class=\"nc_tweetContainer swp_share_button total_shares total_sharesalt\"><span class=\"swp_count\">31 <span class=\"swp_label\">Partages<\/span><\/span><\/div>\n<\/div>\n<p><strong>Que se passe-t-il en Tunisie?<\/strong><br \/>Nous expliquons sur notre <a href=\"https:\/\/www.youtube.com\/channel\/UCRzypVq0B_yBad5eGrwBx0Q?sub_confirmation=1\" target=\"_blank\" rel=\"noopener noreferrer\">cha\u00eene YouTube<\/a> . <a href=\"https:\/\/www.youtube.com\/channel\/UCRzypVq0B_yBad5eGrwBx0Q?sub_confirmation=1\" target=\"_blank\" rel=\"noopener noreferrer\">Abonnez-vous!<\/a><\/p>\n<div class=\"mvp-org-wrap mvp-org-logo\" itemprop=\"publisher\" itemscope=\"\" itemtype=\"https:\/\/schema.org\/Organization\"><img decoding=\"async\" src=\"https:\/\/www.tunisienumerique.com\/wp-content\/uploads\/2017\/02\/logo_tunisie_numerique.png\"\/><\/div>\n<div class=\"mvp-related-posts left relative\">\n<h4 class=\"post-header\"><span class=\"post-header\">Lire aussi<\/span><\/h4>\n<\/div>\n<div id=\"article-ad\"><ins class=\"adsbygoogle c4\" data-ad-client=\"ca-pub-2102118777505746\" data-ad-slot=\"6513972734\" data-ad-format=\"auto\" data-full-width-responsive=\"true\"\/> <\/div>\n<\/div>\n<div id=\"post-sidebar-wrap\"><ins class=\"adsbygoogle c4\" data-ad-client=\"ca-pub-2102118777505746\" data-ad-slot=\"6168283410\" data-ad-format=\"auto\" data-full-width-responsive=\"true\"\/> <\/div>\n<p>Auteur: Saber .<br \/>\n<a href=\"https:\/\/www.tunisienumerique.com\/tunisie-pourquoi-le-scandale-de-seifeddine-makhlouf-a-larp-et-pourquoi-maintenant\/\">Cliquez ici pour lire l&rsquo;article depuis sa source.<\/a><\/p>\n","protected":false},"excerpt":{"rendered":"<p>Le scandale de la bagarre entre Seifeddine Makhlouf et les agents de la garde pr\u00e9sidentielle en charge de la s\u00e9curit\u00e9 de l\u2019ARP, n\u2019a pas cess\u00e9 de susciter des remous et des r\u00e9actions, jusqu\u2019\u00e0 ce jour, tellement ce qu\u2019il a entrepris de faire, en voulant introduire un individu fich\u00e9 S17 \u00e0 l\u2019ARP, \u00e9tait insens\u00e9. Pourtant, avocat [&hellip;]<\/p>\n","protected":false},"author":1789,"featured_media":92240,"comment_status":"closed","ping_status":"closed","sticky":false,"template":"","format":"standard","meta":{"fifu_image_url":"","fifu_image_alt":"","footnotes":""},"categories":[73,55],"tags":[],"class_list":["post-92239","post","type-post","status-publish","format-standard","has-post-thumbnail","hentry","category-actualite","category-tunisie"],"_links":{"self":[{"href":"https:\/\/linitiative.ca\/International\/wp-json\/wp\/v2\/posts\/92239","targetHints":{"allow":["GET"]}}],"collection":[{"href":"https:\/\/linitiative.ca\/International\/wp-json\/wp\/v2\/posts"}],"about":[{"href":"https:\/\/linitiative.ca\/International\/wp-json\/wp\/v2\/types\/post"}],"author":[{"embeddable":true,"href":"https:\/\/linitiative.ca\/International\/wp-json\/wp\/v2\/users\/1789"}],"replies":[{"embeddable":true,"href":"https:\/\/linitiative.ca\/International\/wp-json\/wp\/v2\/comments?post=92239"}],"version-history":[{"count":0,"href":"https:\/\/linitiative.ca\/International\/wp-json\/wp\/v2\/posts\/92239\/revisions"}],"wp:featuredmedia":[{"embeddable":true,"href":"https:\/\/linitiative.ca\/International\/wp-json\/"}],"wp:attachment":[{"href":"https:\/\/linitiative.ca\/International\/wp-json\/wp\/v2\/media?parent=92239"}],"wp:term":[{"taxonomy":"category","embeddable":true,"href":"https:\/\/linitiative.ca\/International\/wp-json\/wp\/v2\/categories?post=92239"},{"taxonomy":"post_tag","embeddable":true,"href":"https:\/\/linitiative.ca\/International\/wp-json\/wp\/v2\/tags?post=92239"}],"curies":[{"name":"wp","href":"https:\/\/api.w.org\/{rel}","templated":true}]}}