{"id":92241,"date":"2020-07-13T14:21:52","date_gmt":"2020-07-13T18:21:52","guid":{"rendered":"https:\/\/linitiative.ca\/International\/tunisie-nasfi-le-retrait-de-confiance-a-rached-ghannouchi-est-meme-souhaite-par-certains-deputes-nahdhaouis\/"},"modified":"2020-07-13T14:21:52","modified_gmt":"2020-07-13T18:21:52","slug":"tunisie-nasfi-le-retrait-de-confiance-a-rached-ghannouchi-est-meme-souhaite-par-certains-deputes-nahdhaouis","status":"publish","type":"post","link":"https:\/\/linitiative.ca\/International\/tunisie-nasfi-le-retrait-de-confiance-a-rached-ghannouchi-est-meme-souhaite-par-certains-deputes-nahdhaouis\/","title":{"rendered":"Tunisie \u2013 Nasfi\u00a0: Le retrait de confiance \u00e0 Rached Ghannouchi est m\u00eame souhait\u00e9 par certains d\u00e9put\u00e9s nahdhaouis"},"content":{"rendered":"<div class=\"post-cont-in left relative\">\n<p>Le d\u00e9put\u00e9 et pr\u00e9sident du bloc parlementaire Al Islah, Hsouna Nasfi, a d\u00e9menti que la motion de censure \u00e0 l\u2019encontre de Rachzd <a href=\"https:\/\/www.tunisienumerique.com\/tunisie-actualite\/rached-ghannouchi\/\" title=\"Ghannouchi\" target=\"_top\" class=\"auto-link\" rel=\"noopener noreferrer\">Ghannouchi<\/a>, qui circule en ce moment entre les d\u00e9put\u00e9s, n\u2019est point, une man\u0153uvre politique, pour contrer la demande de retrait de confiance par <a href=\"https:\/\/www.tunisienumerique.com\/tunisie-actualite\/ennahdha\/\" title=\"Ennahdha\" target=\"_top\" class=\"auto-link\" rel=\"noopener noreferrer\">Ennahdha<\/a> \u00e0 l\u2019encontre d\u2019<a href=\"https:\/\/www.tunisienumerique.com\/tunisie-actualite\/elyes-fakhfakh\/\" title=\"Elyes Fakhfakh\" target=\"_top\" class=\"auto-link\" rel=\"noopener noreferrer\">Elyes Fakhfakh<\/a>.<\/p>\n<div class=\"code-block code-block-1 c3\"><ins class=\"adsbygoogle c2\" data-ad-layout=\"in-article\" data-ad-format=\"fluid\" data-ad-client=\"ca-pub-2102118777505746\" data-ad-slot=\"7301775417\"\/> <\/div>\n<p>Nasfi a assur\u00e9 que ce sont les d\u00e9passements de Rached Ghannouchi dans sa gestion de l\u2019assembl\u00e9e et ses innombrables entorses au r\u00e8glement du parlement, qui ont pouss\u00e9 les d\u00e9put\u00e9s \u00e0 lancer cette motion.<\/p>\n<p>Nasfi a ajout\u00e9 qu\u2019il y a m\u00eame, parmi les d\u00e9put\u00e9s du bloc d\u2019Ennahdha qui sont contre la fa\u00e7on de g\u00e9rer l\u2019assembl\u00e9e par le pr\u00e9sident de leur parti, Rached Ghannouchi.<\/p>\n<div class=\"swp_social_panel swp_horizontal_panel swp_flat_fresh swp_default_full_color swp_individual_full_color swp_other_full_color scale-100 scale-\" data-min-width=\"1100\" data-float-color=\"#ffffff\" data-float=\"bottom\" data-float-mobile=\"bottom\" data-transition=\"slide\">\n<div class=\"nc_tweetContainer swp_share_button total_shares total_sharesalt\"><span class=\"swp_count\">52 <span class=\"swp_label\">Partages<\/span><\/span><\/div>\n<\/div>\n<p><strong>Que se passe-t-il en Tunisie?<\/strong><br \/>Nous expliquons sur notre <a href=\"https:\/\/www.youtube.com\/channel\/UCRzypVq0B_yBad5eGrwBx0Q?sub_confirmation=1\" target=\"_blank\" rel=\"noopener noreferrer\">cha\u00eene YouTube<\/a> . <a href=\"https:\/\/www.youtube.com\/channel\/UCRzypVq0B_yBad5eGrwBx0Q?sub_confirmation=1\" target=\"_blank\" rel=\"noopener noreferrer\">Abonnez-vous!<\/a><\/p>\n<div class=\"mvp-org-wrap mvp-org-logo\" itemprop=\"publisher\" itemscope=\"\" itemtype=\"https:\/\/schema.org\/Organization\"><img decoding=\"async\" src=\"https:\/\/www.tunisienumerique.com\/wp-content\/uploads\/2017\/02\/logo_tunisie_numerique.png\"\/><\/div>\n<div class=\"mvp-related-posts left relative\">\n<h4 class=\"post-header\"><span class=\"post-header\">Lire aussi<\/span><\/h4>\n<\/div>\n<div id=\"article-ad\"><ins class=\"adsbygoogle c4\" data-ad-client=\"ca-pub-2102118777505746\" data-ad-slot=\"6513972734\" data-ad-format=\"auto\" data-full-width-responsive=\"true\"\/> <\/div>\n<\/div>\n<div id=\"post-sidebar-wrap\"><ins class=\"adsbygoogle c4\" data-ad-client=\"ca-pub-2102118777505746\" data-ad-slot=\"6168283410\" data-ad-format=\"auto\" data-full-width-responsive=\"true\"\/> <\/div>\n<p>Auteur: LM<br \/>\n<a href=\"https:\/\/www.tunisienumerique.com\/tunisie-nasfi-le-retrait-de-confiance-a-rached-ghannouchi-est-meme-souhaite-par-certains-deputes-nahdhaouis\/\">Cliquez ici pour lire l&rsquo;article depuis sa source.<\/a><\/p>\n","protected":false},"excerpt":{"rendered":"<p>Le d\u00e9put\u00e9 et pr\u00e9sident du bloc parlementaire Al Islah, Hsouna Nasfi, a d\u00e9menti que la motion de censure \u00e0 l\u2019encontre de Rachzd Ghannouchi, qui circule en ce moment entre les d\u00e9put\u00e9s, n\u2019est point, une man\u0153uvre politique, pour contrer la demande de retrait de confiance par Ennahdha \u00e0 l\u2019encontre d\u2019Elyes Fakhfakh. Nasfi a assur\u00e9 que ce [&hellip;]<\/p>\n","protected":false},"author":1789,"featured_media":92242,"comment_status":"closed","ping_status":"closed","sticky":false,"template":"","format":"standard","meta":{"fifu_image_url":"","fifu_image_alt":"","footnotes":""},"categories":[73,55],"tags":[],"class_list":["post-92241","post","type-post","status-publish","format-standard","has-post-thumbnail","hentry","category-actualite","category-tunisie"],"_links":{"self":[{"href":"https:\/\/linitiative.ca\/International\/wp-json\/wp\/v2\/posts\/92241","targetHints":{"allow":["GET"]}}],"collection":[{"href":"https:\/\/linitiative.ca\/International\/wp-json\/wp\/v2\/posts"}],"about":[{"href":"https:\/\/linitiative.ca\/International\/wp-json\/wp\/v2\/types\/post"}],"author":[{"embeddable":true,"href":"https:\/\/linitiative.ca\/International\/wp-json\/wp\/v2\/users\/1789"}],"replies":[{"embeddable":true,"href":"https:\/\/linitiative.ca\/International\/wp-json\/wp\/v2\/comments?post=92241"}],"version-history":[{"count":0,"href":"https:\/\/linitiative.ca\/International\/wp-json\/wp\/v2\/posts\/92241\/revisions"}],"wp:featuredmedia":[{"embeddable":true,"href":"https:\/\/linitiative.ca\/International\/wp-json\/"}],"wp:attachment":[{"href":"https:\/\/linitiative.ca\/International\/wp-json\/wp\/v2\/media?parent=92241"}],"wp:term":[{"taxonomy":"category","embeddable":true,"href":"https:\/\/linitiative.ca\/International\/wp-json\/wp\/v2\/categories?post=92241"},{"taxonomy":"post_tag","embeddable":true,"href":"https:\/\/linitiative.ca\/International\/wp-json\/wp\/v2\/tags?post=92241"}],"curies":[{"name":"wp","href":"https:\/\/api.w.org\/{rel}","templated":true}]}}