{"id":92243,"date":"2020-07-13T14:38:52","date_gmt":"2020-07-13T18:38:52","guid":{"rendered":"https:\/\/linitiative.ca\/International\/tunisie-urgent-fakhfakh-sur-le-point-de-limoger-ses-ministres-issus-dennahdha\/"},"modified":"2020-07-13T14:38:52","modified_gmt":"2020-07-13T18:38:52","slug":"tunisie-urgent-fakhfakh-sur-le-point-de-limoger-ses-ministres-issus-dennahdha","status":"publish","type":"post","link":"https:\/\/linitiative.ca\/International\/tunisie-urgent-fakhfakh-sur-le-point-de-limoger-ses-ministres-issus-dennahdha\/","title":{"rendered":"Tunisie \u2013 URGENT\u00a0: Fakhfakh sur le point de limoger ses ministres issus d\u2019Ennahdha\u00a0?"},"content":{"rendered":"<div class=\"post-cont-in left relative\">\n<p>La pr\u00e9sidence du gouvernement vient de publier un communiqu\u00e9 dans lequel elle r\u00e9pond aux d\u00e9clarations des dirigeants d\u2019Eannahdha ce matin, lors d\u2019un point de presse, et hier, \u00e0 l\u2019issue de la r\u00e9union de leur conseil de la Choura.<\/p>\n<div class=\"code-block code-block-1 c3\"><ins class=\"adsbygoogle c2\" data-ad-layout=\"in-article\" data-ad-format=\"fluid\" data-ad-client=\"ca-pub-2102118777505746\" data-ad-slot=\"7301775417\"\/> <\/div>\n<p>La pr\u00e9sidence du gouvernement assure avoir tout fait pour assurer la coh\u00e9sion de l\u2019\u00e9quipe gouvernementale et de la coalition politique qui est derri\u00e8re. Des efforts qui ont but\u00e9 sur l\u2019obstination d\u2019<a href=\"https:\/\/www.tunisienumerique.com\/tunisie-actualite\/ennahdha\/\" title=\"Ennahdha\" target=\"_top\" class=\"auto-link\" rel=\"noopener noreferrer\">Ennahdha<\/a> de vouloir op\u00e9rer des changements sur la formation gouvernementale.<\/p>\n<p>La Kasbah assure que les propos tenus par les dirigeants d\u2019Ennahdha t\u00e9moignent de la volont\u00e9 de ce parti de se d\u00e9rober de ses responsabilit\u00e9s \u00e0 l\u2019\u00e9gard du gouvernement telles que sp\u00e9cifi\u00e9es dans les documents et engagements sign\u00e9s par tous les partis.<\/p>\n<p>L\u2019insistance d\u2019Ennahdha de pr\u00e9texter une affaire de conflit d\u2019int\u00e9r\u00eat qui est du ressort de la justice, pour demander le changement du gouvernement a fini par cr\u00e9er la crise politique qui \u00e9touffe, en ce moment le pays.<\/p>\n<p>Pour toutes ces raisons, et pour l\u2019insistance d\u2019Ennahdha pour se retirer de ses engagements en mati\u00e8re de coh\u00e9sion gouvernementale, le chef du gouvernement a annonc\u00e9 qu\u2019il va proc\u00e9der, dans les heures qui viennent un remaniement minist\u00e9riel dans le sens de pr\u00e9server les int\u00e9r\u00eats supr\u00eames de l\u2019Etat.<\/p>\n<p><img loading=\"lazy\" decoding=\"async\" class=\"aligncenter size-full wp-image-537263\" src=\"https:\/\/www.tunisienumerique.com\/wp-content\/uploads\/2020\/07\/comm-1.jpg\" alt=\"\" width=\"449\" height=\"508\"\/><\/p>\n<div class=\"swp_social_panel swp_horizontal_panel swp_flat_fresh swp_default_full_color swp_individual_full_color swp_other_full_color scale-100 scale-\" data-min-width=\"1100\" data-float-color=\"#ffffff\" data-float=\"bottom\" data-float-mobile=\"bottom\" data-transition=\"slide\">\n<div class=\"nc_tweetContainer swp_share_button total_shares total_sharesalt\"><span class=\"swp_count\">48 <span class=\"swp_label\">Partages<\/span><\/span><\/div>\n<\/div>\n<p><strong>Que se passe-t-il en Tunisie?<\/strong><br \/>Nous expliquons sur notre <a href=\"https:\/\/www.youtube.com\/channel\/UCRzypVq0B_yBad5eGrwBx0Q?sub_confirmation=1\" target=\"_blank\" rel=\"noopener noreferrer\">cha\u00eene YouTube<\/a> . <a href=\"https:\/\/www.youtube.com\/channel\/UCRzypVq0B_yBad5eGrwBx0Q?sub_confirmation=1\" target=\"_blank\" rel=\"noopener noreferrer\">Abonnez-vous!<\/a><\/p>\n<div class=\"mvp-org-wrap mvp-org-logo\" itemprop=\"publisher\" itemscope=\"\" itemtype=\"https:\/\/schema.org\/Organization\"><img decoding=\"async\" src=\"https:\/\/www.tunisienumerique.com\/wp-content\/uploads\/2017\/02\/logo_tunisie_numerique.png\"\/><\/div>\n<div class=\"mvp-related-posts left relative\">\n<h4 class=\"post-header\"><span class=\"post-header\">Lire aussi<\/span><\/h4>\n<\/div>\n<div id=\"article-ad\"><ins class=\"adsbygoogle c4\" data-ad-client=\"ca-pub-2102118777505746\" data-ad-slot=\"6513972734\" data-ad-format=\"auto\" data-full-width-responsive=\"true\"\/> <\/div>\n<\/div>\n<div id=\"post-sidebar-wrap\"><ins class=\"adsbygoogle c4\" data-ad-client=\"ca-pub-2102118777505746\" data-ad-slot=\"6168283410\" data-ad-format=\"auto\" data-full-width-responsive=\"true\"\/> <\/div>\n<p>Auteur: LM<br \/>\n<a href=\"https:\/\/www.tunisienumerique.com\/tunisie-urgent-fakhfakh-sur-le-point-de-limoger-ses-ministres-issus-dennahdha\/\">Cliquez ici pour lire l&rsquo;article depuis sa source.<\/a><\/p>\n","protected":false},"excerpt":{"rendered":"<p>La pr\u00e9sidence du gouvernement vient de publier un communiqu\u00e9 dans lequel elle r\u00e9pond aux d\u00e9clarations des dirigeants d\u2019Eannahdha ce matin, lors d\u2019un point de presse, et hier, \u00e0 l\u2019issue de la r\u00e9union de leur conseil de la Choura. La pr\u00e9sidence du gouvernement assure avoir tout fait pour assurer la coh\u00e9sion de l\u2019\u00e9quipe gouvernementale et de [&hellip;]<\/p>\n","protected":false},"author":1789,"featured_media":92244,"comment_status":"closed","ping_status":"closed","sticky":false,"template":"","format":"standard","meta":{"fifu_image_url":"","fifu_image_alt":"","footnotes":""},"categories":[73,55],"tags":[],"class_list":["post-92243","post","type-post","status-publish","format-standard","has-post-thumbnail","hentry","category-actualite","category-tunisie"],"_links":{"self":[{"href":"https:\/\/linitiative.ca\/International\/wp-json\/wp\/v2\/posts\/92243","targetHints":{"allow":["GET"]}}],"collection":[{"href":"https:\/\/linitiative.ca\/International\/wp-json\/wp\/v2\/posts"}],"about":[{"href":"https:\/\/linitiative.ca\/International\/wp-json\/wp\/v2\/types\/post"}],"author":[{"embeddable":true,"href":"https:\/\/linitiative.ca\/International\/wp-json\/wp\/v2\/users\/1789"}],"replies":[{"embeddable":true,"href":"https:\/\/linitiative.ca\/International\/wp-json\/wp\/v2\/comments?post=92243"}],"version-history":[{"count":0,"href":"https:\/\/linitiative.ca\/International\/wp-json\/wp\/v2\/posts\/92243\/revisions"}],"wp:featuredmedia":[{"embeddable":true,"href":"https:\/\/linitiative.ca\/International\/wp-json\/"}],"wp:attachment":[{"href":"https:\/\/linitiative.ca\/International\/wp-json\/wp\/v2\/media?parent=92243"}],"wp:term":[{"taxonomy":"category","embeddable":true,"href":"https:\/\/linitiative.ca\/International\/wp-json\/wp\/v2\/categories?post=92243"},{"taxonomy":"post_tag","embeddable":true,"href":"https:\/\/linitiative.ca\/International\/wp-json\/wp\/v2\/tags?post=92243"}],"curies":[{"name":"wp","href":"https:\/\/api.w.org\/{rel}","templated":true}]}}