{"id":92253,"date":"2020-07-13T13:38:18","date_gmt":"2020-07-13T17:38:18","guid":{"rendered":"https:\/\/linitiative.ca\/International\/le-chef-du-gouvernement-aux-obseques-de-son-homologue-ivoirien\/"},"modified":"2020-07-13T13:38:18","modified_gmt":"2020-07-13T17:38:18","slug":"le-chef-du-gouvernement-aux-obseques-de-son-homologue-ivoirien","status":"publish","type":"post","link":"https:\/\/linitiative.ca\/International\/le-chef-du-gouvernement-aux-obseques-de-son-homologue-ivoirien\/","title":{"rendered":"Le Chef du Gouvernement aux obs\u00e8ques de son homologue ivoirien"},"content":{"rendered":"<div class=\"td-post-sharing-top td-post-sharing td-ps-bg td-ps-padding td-ps-bar td-post-sharing-style6\">\n<div class=\"td-post-sharing-visible\"><a class=\"td-social-sharing-button td-social-sharing-button-js td-social-network td-social-facebook\" href=\"https:\/\/www.facebook.com\/sharer.php?u=https%3A%2F%2Fwww.sidwaya.info%2Fblog%2F2020%2F07%2F13%2Fle-chef-du-gouvernement-aux-obseques-de-son-homologue-ivoirien%2F\"\/><\/p>\n<p>Facebook<\/p>\n<p><a class=\"td-social-sharing-button td-social-sharing-button-js td-social-network td-social-twitter\" href=\"https:\/\/twitter.com\/intent\/tweet?text=Le+Chef+du+Gouvernement+aux+obs%C3%A8ques+de+son+homologue+ivoirien&amp;url=https%3A%2F%2Fwww.sidwaya.info%2Fblog%2F2020%2F07%2F13%2Fle-chef-du-gouvernement-aux-obseques-de-son-homologue-ivoirien%2F&amp;via=Quotidien+Sidwaya\"\/><\/p>\n<p>Twitter<\/p>\n<p><a class=\"td-social-sharing-button td-social-sharing-button-js td-social-network td-social-pinterest\" href=\"https:\/\/pinterest.com\/pin\/create\/button\/?url=https:\/\/www.sidwaya.info\/blog\/2020\/07\/13\/le-chef-du-gouvernement-aux-obseques-de-son-homologue-ivoirien\/&amp;media=https:\/\/www.sidwaya.info\/wp-content\/uploads\/2020\/07\/Pmfrcv.jpg&amp;description=Le+Chef+du+Gouvernement+aux+obs%C3%A8ques+de+son+homologue+ivoirien\"\/><\/p>\n<p>Pinterest<\/p>\n<p><a class=\"td-social-sharing-button td-social-sharing-button-js td-social-network td-social-whatsapp\" href=\"whatsapp:\/\/send?text=Le+Chef+du+Gouvernement+aux+obs%C3%A8ques+de+son+homologue+ivoirien%20%0A%0A%20https:\/\/www.sidwaya.info\/blog\/2020\/07\/13\/le-chef-du-gouvernement-aux-obseques-de-son-homologue-ivoirien\/\"\/><\/p>\n<p>WhatsApp<\/p>\n<p><a class=\"td-social-sharing-button td-social-sharing-button-js td-social-network td-social-linkedin\" href=\"https:\/\/www.linkedin.com\/shareArticle?mini=true&amp;url=https:\/\/www.sidwaya.info\/blog\/2020\/07\/13\/le-chef-du-gouvernement-aux-obseques-de-son-homologue-ivoirien\/&amp;title=Le+Chef+du+Gouvernement+aux+obs%C3%A8ques+de+son+homologue+ivoirien\"\/><\/p>\n<p>Linkedin<\/p>\n<p><a class=\"td-social-sharing-button td-social-sharing-button-js td-social-network td-social-mail\" href=\"mailto:?subject=Le%20Chef%20du%20Gouvernement%20aux%20obs%C3%A8ques%20de%20son%20homologue%20ivoirien&amp;body=https:\/\/www.sidwaya.info\/blog\/2020\/07\/13\/le-chef-du-gouvernement-aux-obseques-de-son-homologue-ivoirien\/\"\/><\/p>\n<p>Email<\/p>\n<p><a class=\"td-social-sharing-button td-social-sharing-button-js td-social-network td-social-print\" href=\"#\"\/><\/p>\n<p>Print<\/p>\n<p><a class=\"td-social-sharing-button td-social-sharing-button-js td-social-network td-social-tumblr\" href=\"https:\/\/www.tumblr.com\/share\/link?url=https:\/\/www.sidwaya.info\/blog\/2020\/07\/13\/le-chef-du-gouvernement-aux-obseques-de-son-homologue-ivoirien\/&amp;name=Le%20Chef%20du%20Gouvernement%20aux%20obs%C3%A8ques%20de%20son%20homologue%20ivoirien\"\/><\/p>\n<p>Tumblr<\/p>\n<p><a class=\"td-social-sharing-button td-social-sharing-button-js td-social-network td-social-telegram\" href=\"https:\/\/telegram.me\/share\/url?url=https:\/\/www.sidwaya.info\/blog\/2020\/07\/13\/le-chef-du-gouvernement-aux-obseques-de-son-homologue-ivoirien\/&amp;text=Le+Chef+du+Gouvernement+aux+obs%C3%A8ques+de+son+homologue+ivoirien\"\/><\/p>\n<p>Telegram<\/p>\n<p><a class=\"td-social-sharing-button td-social-sharing-button-js td-social-network td-social-viber\" href=\"viber:\/\/forward?text=Le+Chef+du+Gouvernement+aux+obs%C3%A8ques+de+son+homologue+ivoirien%20https:\/\/www.sidwaya.info\/blog\/2020\/07\/13\/le-chef-du-gouvernement-aux-obseques-de-son-homologue-ivoirien\/\"\/><\/p>\n<p>Viber<\/p>\n<p><a class=\"td-social-sharing-button td-social-sharing-button-js td-social-network td-social-naver\" href=\"https:\/\/share.naver.com\/web\/shareView.nhn?url=https:\/\/www.sidwaya.info\/blog\/2020\/07\/13\/le-chef-du-gouvernement-aux-obseques-de-son-homologue-ivoirien\/&amp;title=Le+Chef+du+Gouvernement+aux+obs%C3%A8ques+de+son+homologue+ivoirien\"\/><\/p>\n<p>Naver<\/p>\n<\/div>\n<\/div>\n<div class=\"td-post-content tagdiv-type\" readability=\"50\">\n<div class=\"td-post-featured-image\"><a href=\"https:\/\/www.sidwaya.info\/wp-content\/uploads\/2020\/07\/Pmfrcv.jpg\" data-caption=\"\"><img loading=\"lazy\" decoding=\"async\" width=\"696\" height=\"464\" class=\"entry-thumb td-modal-image\" src=\"https:\/\/www.sidwaya.info\/wp-content\/uploads\/2020\/07\/Pmfrcv-696x464.jpg\" srcset=\"https:\/\/www.sidwaya.info\/wp-content\/uploads\/2020\/07\/Pmfrcv-696x464.jpg 696w, https:\/\/www.sidwaya.info\/wp-content\/uploads\/2020\/07\/Pmfrcv-300x200.jpg 300w, https:\/\/www.sidwaya.info\/wp-content\/uploads\/2020\/07\/Pmfrcv-768x512.jpg 768w, https:\/\/www.sidwaya.info\/wp-content\/uploads\/2020\/07\/Pmfrcv-630x420.jpg 630w, https:\/\/www.sidwaya.info\/wp-content\/uploads\/2020\/07\/Pmfrcv.jpg 787w\" sizes=\"auto, (max-width: 696px) 100vw, 696px\" alt=\"\" title=\"Pmfrcv\"\/><\/a><\/div>\n<p>(Ouagadougou, le 13 juillet 2020) Le Premier ministre, Christophe Joseph Marie Dabir\u00e9, assistera ce mardi 14 juillet 2020 \u00e0 Abidjan en R\u00e9publique de C\u00f4te d\u2019Ivoire, aux obs\u00e8ques de son homologue ivoirien, Amadou Gon Coulibaly, d\u00e9c\u00e9d\u00e9 le 8 juillet dernier. Au nom du Pr\u00e9sident du Faso, Son Excellence Monsieur Roch Marc Christian Kabor\u00e9, et du peuple burkinab\u00e8, le Chef du Gouvernement va pr\u00e9senter ses condol\u00e9ances au peuple fr\u00e8re et ami de ce pays, et t\u00e9moigner sa compassion aux familles biologique et politique de l\u2019illustre disparu.<\/p>\n<p>Christophe Joseph Marie Dabir\u00e9 sera accompagn\u00e9 d\u2019une d\u00e9l\u00e9gation de haut niveau, compos\u00e9e notamment de membres du gouvernement et de repr\u00e9sentants de la classe politique de la majorit\u00e9 et de l\u2019opposition.<\/p>\n<p>DCRP\/Primature<\/p>\n<div class=\"td-a-rec td-a-rec-id-content_inline tdi_30_115 td_block_template_1\"><img loading=\"lazy\" decoding=\"async\" class=\"aligncenter size-full wp-image-21314\" src=\"https:\/\/www.sidwaya.info\/wp-content\/uploads\/2020\/04\/Bandeau-Covid-19-Sidwaya-1.jpg\" alt=\"\" width=\"790\" height=\"98\"\/><\/div>\n<div class=\"td-a-rec td-a-rec-id-content_bottom tdi_31_d8c td_block_template_1\"><img loading=\"lazy\" decoding=\"async\" class=\"aligncenter size-full wp-image-22415\" src=\"https:\/\/www.sidwaya.info\/wp-content\/uploads\/2020\/05\/Bandeau-paiement-mobile-site.png\" alt=\"\" width=\"728\" height=\"90\"\/><\/div>\n<\/div>\n<footer>\n<div class=\"td-post-sharing-bottom\">\n<p><iframe frameborder=\"0\" src=\"https:\/\/www.facebook.com\/plugins\/like.php?href=https:\/\/www.sidwaya.info\/blog\/2020\/07\/13\/le-chef-du-gouvernement-aux-obseques-de-son-homologue-ivoirien\/&amp;layout=button_count&amp;show_faces=false&amp;width=105&amp;action=like&amp;colorscheme=light&amp;height=21\" class=\"c1\">[embedded content]<\/iframe><\/p>\n<div id=\"td_social_sharing_article_bottom\" class=\"td-post-sharing td-ps-bg td-ps-padding td-post-sharing-style7\">\n<div class=\"td-post-sharing-visible\"><a class=\"td-social-sharing-button td-social-sharing-button-js td-social-network td-social-facebook\" href=\"https:\/\/www.facebook.com\/sharer.php?u=https%3A%2F%2Fwww.sidwaya.info%2Fblog%2F2020%2F07%2F13%2Fle-chef-du-gouvernement-aux-obseques-de-son-homologue-ivoirien%2F\"\/><\/p>\n<p>Facebook<\/p>\n<p><a class=\"td-social-sharing-button td-social-sharing-button-js td-social-network td-social-twitter\" href=\"https:\/\/twitter.com\/intent\/tweet?text=Le+Chef+du+Gouvernement+aux+obs%C3%A8ques+de+son+homologue+ivoirien&amp;url=https%3A%2F%2Fwww.sidwaya.info%2Fblog%2F2020%2F07%2F13%2Fle-chef-du-gouvernement-aux-obseques-de-son-homologue-ivoirien%2F&amp;via=Quotidien+Sidwaya\"\/><\/p>\n<p>Twitter<\/p>\n<p><a class=\"td-social-sharing-button td-social-sharing-button-js td-social-network td-social-pinterest\" href=\"https:\/\/pinterest.com\/pin\/create\/button\/?url=https:\/\/www.sidwaya.info\/blog\/2020\/07\/13\/le-chef-du-gouvernement-aux-obseques-de-son-homologue-ivoirien\/&amp;media=https:\/\/www.sidwaya.info\/wp-content\/uploads\/2020\/07\/Pmfrcv.jpg&amp;description=Le+Chef+du+Gouvernement+aux+obs%C3%A8ques+de+son+homologue+ivoirien\"\/><\/p>\n<p>Pinterest<\/p>\n<p><a class=\"td-social-sharing-button td-social-sharing-button-js td-social-network td-social-whatsapp\" href=\"whatsapp:\/\/send?text=Le+Chef+du+Gouvernement+aux+obs%C3%A8ques+de+son+homologue+ivoirien%20%0A%0A%20https:\/\/www.sidwaya.info\/blog\/2020\/07\/13\/le-chef-du-gouvernement-aux-obseques-de-son-homologue-ivoirien\/\"\/><\/p>\n<p>WhatsApp<\/p>\n<p><a class=\"td-social-sharing-button td-social-sharing-button-js td-social-network td-social-linkedin\" href=\"https:\/\/www.linkedin.com\/shareArticle?mini=true&amp;url=https:\/\/www.sidwaya.info\/blog\/2020\/07\/13\/le-chef-du-gouvernement-aux-obseques-de-son-homologue-ivoirien\/&amp;title=Le+Chef+du+Gouvernement+aux+obs%C3%A8ques+de+son+homologue+ivoirien\"\/><\/p>\n<p>Linkedin<\/p>\n<p><a class=\"td-social-sharing-button td-social-sharing-button-js td-social-network td-social-mail\" href=\"mailto:?subject=Le%20Chef%20du%20Gouvernement%20aux%20obs%C3%A8ques%20de%20son%20homologue%20ivoirien&amp;body=https:\/\/www.sidwaya.info\/blog\/2020\/07\/13\/le-chef-du-gouvernement-aux-obseques-de-son-homologue-ivoirien\/\"\/><\/p>\n<p>Email<\/p>\n<p><a class=\"td-social-sharing-button td-social-sharing-button-js td-social-network td-social-print\" href=\"#\"\/><\/p>\n<p>Print<\/p>\n<p><a class=\"td-social-sharing-button td-social-sharing-button-js td-social-network td-social-tumblr\" href=\"https:\/\/www.tumblr.com\/share\/link?url=https:\/\/www.sidwaya.info\/blog\/2020\/07\/13\/le-chef-du-gouvernement-aux-obseques-de-son-homologue-ivoirien\/&amp;name=Le%20Chef%20du%20Gouvernement%20aux%20obs%C3%A8ques%20de%20son%20homologue%20ivoirien\"\/><\/p>\n<p>Tumblr<\/p>\n<p><a class=\"td-social-sharing-button td-social-sharing-button-js td-social-network td-social-telegram\" href=\"https:\/\/telegram.me\/share\/url?url=https:\/\/www.sidwaya.info\/blog\/2020\/07\/13\/le-chef-du-gouvernement-aux-obseques-de-son-homologue-ivoirien\/&amp;text=Le+Chef+du+Gouvernement+aux+obs%C3%A8ques+de+son+homologue+ivoirien\"\/><\/p>\n<p>Telegram<\/p>\n<p><a class=\"td-social-sharing-button td-social-sharing-button-js td-social-network td-social-viber\" href=\"viber:\/\/forward?text=Le+Chef+du+Gouvernement+aux+obs%C3%A8ques+de+son+homologue+ivoirien%20https:\/\/www.sidwaya.info\/blog\/2020\/07\/13\/le-chef-du-gouvernement-aux-obseques-de-son-homologue-ivoirien\/\"\/><\/p>\n<p>Viber<\/p>\n<p><a class=\"td-social-sharing-button td-social-sharing-button-js td-social-network td-social-naver\" href=\"https:\/\/share.naver.com\/web\/shareView.nhn?url=https:\/\/www.sidwaya.info\/blog\/2020\/07\/13\/le-chef-du-gouvernement-aux-obseques-de-son-homologue-ivoirien\/&amp;title=Le+Chef+du+Gouvernement+aux+obs%C3%A8ques+de+son+homologue+ivoirien\"\/><\/p>\n<p>Naver<\/p>\n<\/div>\n<\/div>\n<\/div>\n<div class=\"td-block-row td-post-next-prev\">\n<div class=\"td-block-span6 td-post-prev-post td-post-next-prev-content\"><span>Article pr\u00e9c\u00e9dent<\/span><a href=\"https:\/\/www.sidwaya.info\/blog\/2020\/07\/13\/safiatou-lopez-zongo-ecope-24-mois-de-prison-ferme\/\">Safiatou LOPEZ ZONGO \u00e9cope 24 mois de prison ferme<\/a><\/div>\n<\/div>\n<\/footer>\n<p>Auteur: BS. Sidwaya<br \/>\n<a href=\"https:\/\/www.sidwaya.info\/blog\/2020\/07\/13\/le-chef-du-gouvernement-aux-obseques-de-son-homologue-ivoirien\/\">Cliquez ici pour lire l&rsquo;article depuis sa source.<\/a><\/p>\n","protected":false},"excerpt":{"rendered":"<p>Facebook Twitter Pinterest WhatsApp Linkedin Email Print Tumblr Telegram Viber Naver (Ouagadougou, le 13 juillet 2020) Le Premier ministre, Christophe Joseph Marie Dabir\u00e9, assistera ce mardi 14 juillet 2020 \u00e0 Abidjan en R\u00e9publique de C\u00f4te d\u2019Ivoire, aux obs\u00e8ques de son homologue ivoirien, Amadou Gon Coulibaly, d\u00e9c\u00e9d\u00e9 le 8 juillet dernier. Au nom du Pr\u00e9sident du [&hellip;]<\/p>\n","protected":false},"author":1816,"featured_media":92254,"comment_status":"closed","ping_status":"closed","sticky":false,"template":"","format":"standard","meta":{"fifu_image_url":"","fifu_image_alt":"","footnotes":""},"categories":[73,81],"tags":[],"class_list":["post-92253","post","type-post","status-publish","format-standard","has-post-thumbnail","hentry","category-actualite","category-burkina-faso"],"_links":{"self":[{"href":"https:\/\/linitiative.ca\/International\/wp-json\/wp\/v2\/posts\/92253","targetHints":{"allow":["GET"]}}],"collection":[{"href":"https:\/\/linitiative.ca\/International\/wp-json\/wp\/v2\/posts"}],"about":[{"href":"https:\/\/linitiative.ca\/International\/wp-json\/wp\/v2\/types\/post"}],"author":[{"embeddable":true,"href":"https:\/\/linitiative.ca\/International\/wp-json\/wp\/v2\/users\/1816"}],"replies":[{"embeddable":true,"href":"https:\/\/linitiative.ca\/International\/wp-json\/wp\/v2\/comments?post=92253"}],"version-history":[{"count":0,"href":"https:\/\/linitiative.ca\/International\/wp-json\/wp\/v2\/posts\/92253\/revisions"}],"wp:featuredmedia":[{"embeddable":true,"href":"https:\/\/linitiative.ca\/International\/wp-json\/"}],"wp:attachment":[{"href":"https:\/\/linitiative.ca\/International\/wp-json\/wp\/v2\/media?parent=92253"}],"wp:term":[{"taxonomy":"category","embeddable":true,"href":"https:\/\/linitiative.ca\/International\/wp-json\/wp\/v2\/categories?post=92253"},{"taxonomy":"post_tag","embeddable":true,"href":"https:\/\/linitiative.ca\/International\/wp-json\/wp\/v2\/tags?post=92253"}],"curies":[{"name":"wp","href":"https:\/\/api.w.org\/{rel}","templated":true}]}}