{"id":92256,"date":"2020-07-13T12:37:27","date_gmt":"2020-07-13T16:37:27","guid":{"rendered":"https:\/\/linitiative.ca\/International\/ligue-des-champions-pourquoi-le-cameroun-a-dit-non-a-la-caf\/"},"modified":"2020-07-13T12:37:27","modified_gmt":"2020-07-13T16:37:27","slug":"ligue-des-champions-pourquoi-le-cameroun-a-dit-non-a-la-caf","status":"publish","type":"post","link":"https:\/\/linitiative.ca\/International\/ligue-des-champions-pourquoi-le-cameroun-a-dit-non-a-la-caf\/","title":{"rendered":"Ligue des champions : pourquoi le Cameroun a dit \u00ab non \u00bb \u00e0 la Caf"},"content":{"rendered":"<div readability=\"32\">\n<p>Publi\u00e9 le 13.07.2020 \u00e0 17h37 par Emile Zola Nd\u00e9 Tchoussi<\/p>\n<\/div>\n<div readability=\"62\">\n<h2><strong>Selon le pr\u00e9sident\u00a0\u00a0de la Fecafoot, le d\u00e9sistement du Cameroun\u00a0\u00a0pour l\u2019organisation des demi-finales et la finale de la plus prestigieuse des comp\u00e9titions africaines interclubs est d\u00fb \u00e0 la pand\u00e9mie de Coronavirus.<\/strong><\/h2>\n<p class=\"c6\">Lors d\u2019un point de presse, tenue ce lundi 13 juillet au si\u00e8ge de la F\u00e9d\u00e9ration camerounaise de football (<strong>Fecafaoot<\/strong>), le patron des lieux <strong>Seidou Mbombo Njoya<\/strong>, a fait une d\u00e9claration tr\u00e8s laconique en rapport avec le d\u00e9sistement du Cameroun\u00a0\u00e0 accueillir les demi-finales et la finale de l\u2019\u00e9dition 2019-2020 de la <strong>Ligue des champions africaine<\/strong>.<\/p>\n<p class=\"c6\">\u00a0\u00abJ<em>\u2018ai fait conna\u00eetre \u00e0 la Caf, que le gouvernement n\u2019a pas marqu\u00e9 son accord pour l\u2019accueil par le Cameroun, des demi-finales et finale de cette prestigieuse comp\u00e9tition africaine, en raison des risques sanitaires li\u00e9s \u00e0 la pand\u00e9mie du COVID-19, et des incertitudes sur l\u2019\u00e9volution \u00e0 court terme de cette pand\u00e9mie<\/em>\u00bb, a d\u00e9clar\u00e9 Seidou Mbombo Njoya, devant des journalistes camerounais m\u00e9dus\u00e9s.<\/p>\n<p class=\"c6\">En rappel, la Conf\u00e9d\u00e9ration africaine de football (<strong>Caf<\/strong>) avait sollicit\u00e9 le Cameroun pour abriter au mois de septembre prochain dans le nouveau stade omnisport de Douala-Japoma (50\u00a0000 places), les matches des demi-finales et la finale de l\u2019\u00e9dition 2019\/2020 de la prestigieuse Ligue des Champions africaine.<\/p>\n<p class=\"c6\">Le dernier carr\u00e9 de la comp\u00e9tition oppose les clubs \u00e9gyptiens du Zamalek du Caire et d\u2019Al Ahly de la m\u00eame ville, et la deuxi\u00e8me affiche, les Marocains du Raja club de Casablanca et du Wydad de Casablanca.<\/p>\n<\/div>\n<p>Auteur: Christian DJIMADEU<br \/>\n<a href=\"https:\/\/www.journalducameroun.com\/ligue-des-champions-pourquoi-le-cameroun-a-dit-non-a-la-caf-cameroun\/\">Cliquez ici pour lire l&rsquo;article depuis sa source.<\/a><\/p>\n","protected":false},"excerpt":{"rendered":"<p>Publi\u00e9 le 13.07.2020 \u00e0 17h37 par Emile Zola Nd\u00e9 Tchoussi Selon le pr\u00e9sident\u00a0\u00a0de la Fecafoot, le d\u00e9sistement du Cameroun\u00a0\u00a0pour l\u2019organisation des demi-finales et la finale de la plus prestigieuse des comp\u00e9titions africaines interclubs est d\u00fb \u00e0 la pand\u00e9mie de Coronavirus. Lors d\u2019un point de presse, tenue ce lundi 13 juillet au si\u00e8ge de la F\u00e9d\u00e9ration [&hellip;]<\/p>\n","protected":false},"author":1965,"featured_media":0,"comment_status":"closed","ping_status":"closed","sticky":false,"template":"","format":"standard","meta":{"fifu_image_url":"","fifu_image_alt":"","footnotes":""},"categories":[73,82],"tags":[],"class_list":["post-92256","post","type-post","status-publish","format-standard","hentry","category-actualite","category-cameroun"],"_links":{"self":[{"href":"https:\/\/linitiative.ca\/International\/wp-json\/wp\/v2\/posts\/92256","targetHints":{"allow":["GET"]}}],"collection":[{"href":"https:\/\/linitiative.ca\/International\/wp-json\/wp\/v2\/posts"}],"about":[{"href":"https:\/\/linitiative.ca\/International\/wp-json\/wp\/v2\/types\/post"}],"author":[{"embeddable":true,"href":"https:\/\/linitiative.ca\/International\/wp-json\/wp\/v2\/users\/1965"}],"replies":[{"embeddable":true,"href":"https:\/\/linitiative.ca\/International\/wp-json\/wp\/v2\/comments?post=92256"}],"version-history":[{"count":0,"href":"https:\/\/linitiative.ca\/International\/wp-json\/wp\/v2\/posts\/92256\/revisions"}],"wp:attachment":[{"href":"https:\/\/linitiative.ca\/International\/wp-json\/wp\/v2\/media?parent=92256"}],"wp:term":[{"taxonomy":"category","embeddable":true,"href":"https:\/\/linitiative.ca\/International\/wp-json\/wp\/v2\/categories?post=92256"},{"taxonomy":"post_tag","embeddable":true,"href":"https:\/\/linitiative.ca\/International\/wp-json\/wp\/v2\/tags?post=92256"}],"curies":[{"name":"wp","href":"https:\/\/api.w.org\/{rel}","templated":true}]}}