{"id":92257,"date":"2020-07-13T13:18:04","date_gmt":"2020-07-13T17:18:04","guid":{"rendered":"https:\/\/linitiative.ca\/International\/creation-dune-zone-operationnelle-au-nord-de-la-cote-divoire-pour-lutter-contre-le-terrorisme\/"},"modified":"2020-07-13T13:18:04","modified_gmt":"2020-07-13T17:18:04","slug":"creation-dune-zone-operationnelle-au-nord-de-la-cote-divoire-pour-lutter-contre-le-terrorisme","status":"publish","type":"post","link":"https:\/\/linitiative.ca\/International\/creation-dune-zone-operationnelle-au-nord-de-la-cote-divoire-pour-lutter-contre-le-terrorisme\/","title":{"rendered":"Cr\u00e9ation d\u2019une \u00abZone op\u00e9rationnelle\u00bb au Nord de la C\u00f4te d\u2019Ivoire pour lutter contre le terrorisme"},"content":{"rendered":"<div readability=\"32\">\n<p>Publi\u00e9 le 13.07.2020 \u00e0 18h18 par APA News<\/p>\n<\/div>\n<div readability=\"56\">\n<p>Le gouvernement ivoirien a annonc\u00e9 lundi au terme d\u2019un Conseil des ministres extraordinaire, la cr\u00e9ation d\u2019une \u00abzone op\u00e9rationnelle\u00bb au Nord de la C\u00f4te d\u2019Ivoire pour renforcer les capacit\u00e9s des troupes d\u00e9ploy\u00e9es aux fronti\u00e8res et lutter contre le terrorisme.\u00ab Cette Zone op\u00e9rationnelle Nord permettra de passer de la phase de surveillance des fronti\u00e8res \u00e0 une posture d\u00e9fensive avec une forte capacit\u00e9 de r\u00e9versibilit\u00e9 en mission offensive en vue d\u2019emp\u00eacher toute infiltration de ces groupes arm\u00e9s sur le territoire national\u00bb, a expliqu\u00e9 Sidi Ti\u00e9moko Tour\u00e9, le porte-parole de l\u2019ex\u00e9cutif ivoirien dans un communiqu\u00e9 transmis \u00e0 APA \u00e0 l\u2019issue de cette r\u00e9union.<\/p>\n<p>Poursuivant, il a fait savoir que la \u00abzone op\u00e9rationnelle Nord\u00bb aura ainsi plusieurs objectifs.<\/p>\n<p>Elle permettra entre autres de, renforcer les capacit\u00e9s op\u00e9rationnelles des troupes d\u00e9ploy\u00e9es dans le cadre de l\u2019op\u00e9ration \u00ab Fronti\u00e8res \u00e9tanches \u00bb, particuli\u00e8rement dans la partie Nord de la C\u00f4te d\u2019Ivoire, \u00a0de disposer d\u2019un commandement unique pour les op\u00e9rations militaires et pour toutes les activit\u00e9s relevant de la d\u00e9fense op\u00e9rationnelle du territoire en vue d\u2019une meilleure coordination entre l\u2019ensemble des Forces de D\u00e9fense et de S\u00e9curit\u00e9 en service dans la zone concern\u00e9e et d\u2019organiser la d\u00e9fense civile en mati\u00e8re de lutte contre le terrorisme, et d\u2019en assurer la coordination avec les op\u00e9rations militaires.<\/p>\n<p>\u00a0La cr\u00e9ation de cette zone op\u00e9rationnelle intervient un mois apr\u00e8s l\u2019attaque terroriste contre une position des Forces arm\u00e9es de C\u00f4te d\u2019Ivoire (FACI) \u00e0 Kafolo dans le Nord-Est du pays \u00a0le 11 juin dernier qui a caus\u00e9 la mort de 14 soldats ivoiriens et 05 bless\u00e9s. Les autorit\u00e9s ivoiriennes ont annonc\u00e9 l\u2019arrestation de plusieurs terroristes impliqu\u00e9s dans cette attaque dont le burkinab\u00e9 Ali Sidib\u00e9 dit Sofiane, le \u00abcoordonnateur\u00bb de l\u2019attaque.<\/p>\n<\/div>\n<p>Auteur: APA News<br \/>\n<a href=\"https:\/\/www.journalducameroun.com\/creation-dune-zone-operationnelle-au-nord-de-la-cote-divoire-pour-lutter-contre-le-terrorisme\/\">Cliquez ici pour lire l&rsquo;article depuis sa source.<\/a><\/p>\n","protected":false},"excerpt":{"rendered":"<p>Publi\u00e9 le 13.07.2020 \u00e0 18h18 par APA News Le gouvernement ivoirien a annonc\u00e9 lundi au terme d\u2019un Conseil des ministres extraordinaire, la cr\u00e9ation d\u2019une \u00abzone op\u00e9rationnelle\u00bb au Nord de la C\u00f4te d\u2019Ivoire pour renforcer les capacit\u00e9s des troupes d\u00e9ploy\u00e9es aux fronti\u00e8res et lutter contre le terrorisme.\u00ab Cette Zone op\u00e9rationnelle Nord permettra de passer de la [&hellip;]<\/p>\n","protected":false},"author":1965,"featured_media":0,"comment_status":"closed","ping_status":"closed","sticky":false,"template":"","format":"standard","meta":{"fifu_image_url":"","fifu_image_alt":"","footnotes":""},"categories":[73,82],"tags":[],"class_list":["post-92257","post","type-post","status-publish","format-standard","hentry","category-actualite","category-cameroun"],"_links":{"self":[{"href":"https:\/\/linitiative.ca\/International\/wp-json\/wp\/v2\/posts\/92257","targetHints":{"allow":["GET"]}}],"collection":[{"href":"https:\/\/linitiative.ca\/International\/wp-json\/wp\/v2\/posts"}],"about":[{"href":"https:\/\/linitiative.ca\/International\/wp-json\/wp\/v2\/types\/post"}],"author":[{"embeddable":true,"href":"https:\/\/linitiative.ca\/International\/wp-json\/wp\/v2\/users\/1965"}],"replies":[{"embeddable":true,"href":"https:\/\/linitiative.ca\/International\/wp-json\/wp\/v2\/comments?post=92257"}],"version-history":[{"count":0,"href":"https:\/\/linitiative.ca\/International\/wp-json\/wp\/v2\/posts\/92257\/revisions"}],"wp:attachment":[{"href":"https:\/\/linitiative.ca\/International\/wp-json\/wp\/v2\/media?parent=92257"}],"wp:term":[{"taxonomy":"category","embeddable":true,"href":"https:\/\/linitiative.ca\/International\/wp-json\/wp\/v2\/categories?post=92257"},{"taxonomy":"post_tag","embeddable":true,"href":"https:\/\/linitiative.ca\/International\/wp-json\/wp\/v2\/tags?post=92257"}],"curies":[{"name":"wp","href":"https:\/\/api.w.org\/{rel}","templated":true}]}}