{"id":92258,"date":"2020-07-13T14:18:03","date_gmt":"2020-07-13T18:18:03","guid":{"rendered":"https:\/\/linitiative.ca\/International\/duncan-remercie-ouattara-pour-avoir-finalement-accepte-sa-demission\/"},"modified":"2020-07-13T14:18:03","modified_gmt":"2020-07-13T18:18:03","slug":"duncan-remercie-ouattara-pour-avoir-finalement-accepte-sa-demission","status":"publish","type":"post","link":"https:\/\/linitiative.ca\/International\/duncan-remercie-ouattara-pour-avoir-finalement-accepte-sa-demission\/","title":{"rendered":"Duncan remercie Ouattara pour avoir finalement accept\u00e9 sa d\u00e9mission"},"content":{"rendered":"<div readability=\"32\">\n<p>Publi\u00e9 le 13.07.2020 \u00e0 19h18 par APA News<\/p>\n<\/div>\n<div readability=\"98\">\n<p>Daniel Kablan Duncan a remerci\u00e9 lundi le chef de l\u2019Etat ivoirien Alassane Ouattara pour avoir \u00ab voulu finalement accepter \u00bb sa d\u00e9mission, en qualit\u00e9 de vice-pr\u00e9sident de la R\u00e9publique, apr\u00e8s des rencontres et sa \u00ab deuxi\u00e8me lettre de d\u00e9mission \u00bb pr\u00e9sent\u00e9e le 27 f\u00e9vrier 2020.M. Duncan, un proche collaborateur de M. Ouattara depuis une trentaine d\u2019ann\u00e9es, a remerci\u00e9 le pr\u00e9sident de la R\u00e9publique pour \u00ab avoir bien voulu finalement accepter \u00bb, apr\u00e8s plusieurs rencontres, sa deuxi\u00e8me lettre de d\u00e9mission qu\u2019il lui a \u00a0pr\u00e9sent\u00e9e le 27 f\u00e9vrier 2020, dans un communiqu\u00e9.<\/p>\n<p>Cette acceptation, selon le communiqu\u00e9, s\u2019est traduite par sa lettre dat\u00e9e du 8 juillet 2020 et remise dans la soir\u00e9e de ladite date. Elle montre que M. Ouattara a acc\u00e9d\u00e9 \u00e0 ce d\u00e9part, le jour du d\u00e9c\u00e8s du Premier ministre, Amadou Gon Coulibaly, apr\u00e8s un Conseil des ministres.<\/p>\n<p>\u00ab Je voudrais lui exprimer ma profonde gratitude de l\u2019opportunit\u00e9 qu\u2019il a bien voulu m\u2019offrir de travailler, notamment \u00e0 deux reprises, \u00e0 ses c\u00f4t\u00e9s pour servir notre pays \u00bb, a d\u00e9clar\u00e9 le vice-pr\u00e9sident d\u00e9missionnaire.<\/p>\n<p>M. Duncan est un transfuge du Parti d\u00e9mocratique de C\u00f4te d\u2019Ivoire (Pdci), ex-alli\u00e9 au pouvoir. Il a rejoint le Rassemblement des Houphouetistes pour la d\u00e9mocratie et la paix (Rhdp), la coalition au pouvoir, pr\u00e9sid\u00e9e par M. Ouattara. Il a ensuite cr\u00e9\u00e9 le mouvement \u00ab Pdci-Renaissance \u00bb.<\/p>\n<p>Selon M. Duncan la cr\u00e9ation de Pdci-Renaissance vise \u00e0 \u00ab servir de courroie de transmission, de liant entre tous les citoyens et notamment entre ceux qui partagent les valeurs de dialogue, d\u2019union, de justice et de progr\u00e8s du P\u00e8re fondateur de la C\u00f4te d\u2019Ivoire, F\u00e9lix Houphou\u00ebt-Boigny \u00bb.\u00a0<\/p>\n<p>La naissance officielle du Rhdp a eu lieu le 26 janvier 2019 \u00e0 l\u2019issue d\u2019un congr\u00e8s constitutif tenu au stade F\u00e9lix Houphou\u00ebt-Boigny d\u2019Abidjan, en pr\u00e9sence de Alassane Ouattara, pr\u00e9sident de l\u2019organisation politique. Il y a plus de six mois M. Duncan a d\u00e9pos\u00e9 sa d\u00e9mission.\u00a0<\/p>\n<p>De 2011 \u00e0 2020, M. Duncan a \u00e9t\u00e9 nomm\u00e9 successivement en qualit\u00e9 de ministre d\u2019Etat, ministre des Affaires \u00e9trang\u00e8res, puis Premier ministre, charg\u00e9 de l\u2019\u00c9conomie et des finances (novembre 2012 \u00e0 d\u00e9cembre 2016) et vice-pr\u00e9sident de la R\u00e9publique de janvier 2017 \u00e0 juillet 2020.<\/p>\n<p>Lorsque M. Ouattara avait \u00e9t\u00e9 nomm\u00e9 Premier ministre par F\u00e9lix Houphou\u00ebt-Boigny, il a appel\u00e9 M. Duncan \u00e0 ses c\u00f4t\u00e9s, le nommant ministre de l\u2019\u00c9conomie et des finances, et ensuite comme ministre d\u00e9l\u00e9gu\u00e9 aupr\u00e8s du Premier ministre charg\u00e9 de l\u2019\u00c9conomie et des finances, du plan, du d\u00e9veloppement et du Commerce.\u00a0<\/p>\n<\/div>\n<p>Auteur: APA News<br \/>\n<a href=\"https:\/\/www.journalducameroun.com\/duncan-remercie-ouattara-pour-avoir-finalement-accepte-sa-demission\/\">Cliquez ici pour lire l&rsquo;article depuis sa source.<\/a><\/p>\n","protected":false},"excerpt":{"rendered":"<p>Publi\u00e9 le 13.07.2020 \u00e0 19h18 par APA News Daniel Kablan Duncan a remerci\u00e9 lundi le chef de l\u2019Etat ivoirien Alassane Ouattara pour avoir \u00ab voulu finalement accepter \u00bb sa d\u00e9mission, en qualit\u00e9 de vice-pr\u00e9sident de la R\u00e9publique, apr\u00e8s des rencontres et sa \u00ab deuxi\u00e8me lettre de d\u00e9mission \u00bb pr\u00e9sent\u00e9e le 27 f\u00e9vrier 2020.M. Duncan, un [&hellip;]<\/p>\n","protected":false},"author":1965,"featured_media":0,"comment_status":"closed","ping_status":"closed","sticky":false,"template":"","format":"standard","meta":{"fifu_image_url":"","fifu_image_alt":"","footnotes":""},"categories":[73,82],"tags":[],"class_list":["post-92258","post","type-post","status-publish","format-standard","hentry","category-actualite","category-cameroun"],"_links":{"self":[{"href":"https:\/\/linitiative.ca\/International\/wp-json\/wp\/v2\/posts\/92258","targetHints":{"allow":["GET"]}}],"collection":[{"href":"https:\/\/linitiative.ca\/International\/wp-json\/wp\/v2\/posts"}],"about":[{"href":"https:\/\/linitiative.ca\/International\/wp-json\/wp\/v2\/types\/post"}],"author":[{"embeddable":true,"href":"https:\/\/linitiative.ca\/International\/wp-json\/wp\/v2\/users\/1965"}],"replies":[{"embeddable":true,"href":"https:\/\/linitiative.ca\/International\/wp-json\/wp\/v2\/comments?post=92258"}],"version-history":[{"count":0,"href":"https:\/\/linitiative.ca\/International\/wp-json\/wp\/v2\/posts\/92258\/revisions"}],"wp:attachment":[{"href":"https:\/\/linitiative.ca\/International\/wp-json\/wp\/v2\/media?parent=92258"}],"wp:term":[{"taxonomy":"category","embeddable":true,"href":"https:\/\/linitiative.ca\/International\/wp-json\/wp\/v2\/categories?post=92258"},{"taxonomy":"post_tag","embeddable":true,"href":"https:\/\/linitiative.ca\/International\/wp-json\/wp\/v2\/tags?post=92258"}],"curies":[{"name":"wp","href":"https:\/\/api.w.org\/{rel}","templated":true}]}}