{"id":92260,"date":"2020-07-13T12:47:16","date_gmt":"2020-07-13T16:47:16","guid":{"rendered":"https:\/\/linitiative.ca\/International\/corridor-douala-bangui-camerounais-et-centrafricains-aplanissent-leurs-divergences\/"},"modified":"2020-07-13T12:47:16","modified_gmt":"2020-07-13T16:47:16","slug":"corridor-douala-bangui-camerounais-et-centrafricains-aplanissent-leurs-divergences","status":"publish","type":"post","link":"https:\/\/linitiative.ca\/International\/corridor-douala-bangui-camerounais-et-centrafricains-aplanissent-leurs-divergences\/","title":{"rendered":"Corridor Douala-Bangui : camerounais et centrafricains aplanissent leurs divergences"},"content":{"rendered":"<p>Apr\u00e8s le mouvement d\u2019humeur des transporteurs tchadiens observ\u00e9 le 22 mai 2020 au check-point douanier de Yassa, c\u2019est au tour des transporteurs centrafricains de se prononcer sur les probl\u00e8mes inh\u00e9rents au transport terrestre sur le corridor Douala-Bangui. Th\u00e9odore Jousso, le Ministre centrafricain des transports a pour l\u2019occasion sp\u00e9cialement effectu\u00e9 le d\u00e9placement du Cameroun, \u00e0 la rencontre son homologue Jean Ernest Mass\u00e9na Ngalle Bibehe. C\u2019est la localit\u00e9 frontali\u00e8re de Garoua-Boula\u00ef \u00e0 l\u2019Est du Cameroun, qui a abrit\u00e9 une importante s\u00e9ance de travail entre les deux d\u00e9l\u00e9gations. S\u00e9ance de travail \u00e0 laquelle prenaient \u00e9galement part les transporteurs des deux pays. Au menu des discussions, plusieurs sujets conflictog\u00e8nes entre le Cameroun et la Centrafrique, entre les transporteurs camerounais, et entre les deux organes nationaux de gestion du fret terrestre (Bgft et Bnf):\u00a0v\u00e9tust\u00e9 et indisponibilit\u00e9 des balises de g\u00e9olocalisation Nexus+, prix du fret bas et fluctuant, d\u00e9sagr\u00e9ments aux ponts bascules, \u00a0tracasseries polici\u00e8res et administratives etc\u2026 Concernant les maux propres aux Etats, non-respect des textes relatifs \u00e0 la r\u00e9partition du fret, concurrence d\u00e9loyale des transporteurs pour compte propre, non-respect des r\u00e8gles de transport par certains transporteurs etc\u2026.<\/p>\n<p><strong>Lire aussi<\/strong> : <a href=\"https:\/\/ecomatin.net\/lonu-ferme-les-frontieres-entre-le-cameroun-et-la-rca\/\">L\u2019Onu ferme les fronti\u00e8res entre le Cameroun et la RCA<\/a><\/p>\n<p>Malgr\u00e9 plusieurs cadres de concertation tripartite et bipartite regroupant les acteurs commerciaux et techniques du secteur du transport, la situation sur le corridor Douala-Bangui continue de pr\u00e9occuper. Sur l\u2019\u00e9pineux probl\u00e8me des tracasseries polici\u00e8res, les transporteurs des deux pays sont unanimes : \u00abla situation s\u2019est nettement am\u00e9lior\u00e9e en ce qui concerne les contr\u00f4les des corps habill\u00e9s sur le corridor. Mais nous souhaitons que la situation s\u2019am\u00e9liore davantage. Nous louons les efforts r\u00e9alis\u00e9s dans ce sens par nos Etats\u00bb, a constat\u00e9 El Hadj Oumarou, le Coordonnateur du Bureau camerounais de gestion du fret terrestre (Bgft). Le corridor Douala-Bangui est en effet encore jonch\u00e9 de dizaines de postes de contr\u00f4le sur les 1500 kilom\u00e8tres \u00a0de trajet entre le Cameroun et la Centrafrique.<\/p>\n<p>S\u2019agissant du prix du transport, le b\u00e2t blesse \u00e9galement. La tension est permanente entre \u00a0les bailleurs de fret et les transporteurs: \u00abnous devons imposer l\u2019application des prix homologu\u00e9s du transport de fret. Ces prix sont lib\u00e9ralis\u00e9s injustement contre les int\u00e9r\u00eats des transporteurs, mais en violation des conventions\u00bb, s\u2019exprime M. Bassega du Bureau d\u2019affr\u00e8tement routier centrafricain (Barc). \u00abLes prix du fret dans les corridors Douala-Bangui et Douala Ndjam\u00e9na connaissent une forte chutedepuis 2005\u00bb, se d\u00e9sole Raymond Moungang, le Pr\u00e9sident du Sntrc Littoral. A destination de la Centrafrique, les dispositions conventionnelles fixent le prix du transport \u00e0 hauteur de 3.500.000 Fcfa. Il se situe aujourd\u2019hui \u00e0 un peu plus d\u2019un million de Fcfa.\u00a0<\/p>\n<p><strong>Lire aussi<\/strong> : <a href=\"https:\/\/ecomatin.net\/la-douane-camerounaise-et-les-transporteurs-tchadiens-a-couteaux-tires\/\">la douane camerounaise et les transporteurs tchadiens \u00e0 couteaux tir\u00e9s<\/a><\/p>\n<p>La disponibilit\u00e9, le prix et la qualit\u00e9 des balises Gps de g\u00e9olocalisation Nexus+ sont sources de tension entre les transporteurs et les douanes camerounaises. Les transporteurs camerounais et tchadiens proposent par cons\u00e9quent\u00a0soit la mise \u00e0 disposition suffisante des balises, soit leur pose par les transporteurs eux-m\u00eames.\u00a0La partie centrafricaine juge en effet \u00ab\u00e9lev\u00e9\u00bb, le prix de la balise fix\u00e9 \u00e0 35.000 Fcfa.<\/p>\n<p>Ajout\u00e9s \u00e0 ces probl\u00e8mes \u00e9voqu\u00e9s lors de cette s\u00e9ance de travail,\u00a0l\u2019absence des aires de repos conventionnelles et des zones de stationnement de leurs engins.\u00a0Au terme de plus de 3 heures de concertation. Jean Ernest Mass\u00e9na Ngalle Bibehe et Th\u00e9odore Jousso ont mutuellement\u00a0pris des engagements pour rendre le corridor Douala-Bangui plus fluide et comp\u00e9titif.<\/p>\n<div class=\"awac-wrapper awac widget posts-list-widget-11\">\n<h4 class=\"widget-title\">Le plus r\u00e9cent<\/h4>\n<\/div>\n<p>Auteur: Eco Matin<br \/>\n<a href=\"https:\/\/ecomatin.net\/corridor-douala-bangui-camerounais-et-centrafricains-aplanissent-leurs-divergences\/\">Cliquez ici pour lire l&rsquo;article depuis sa source.<\/a><\/p>\n","protected":false},"excerpt":{"rendered":"<p>Apr\u00e8s le mouvement d\u2019humeur des transporteurs tchadiens observ\u00e9 le 22 mai 2020 au check-point douanier de Yassa, c\u2019est au tour des transporteurs centrafricains de se prononcer sur les probl\u00e8mes inh\u00e9rents au transport terrestre sur le corridor Douala-Bangui. Th\u00e9odore Jousso, le Ministre centrafricain des transports a pour l\u2019occasion sp\u00e9cialement effectu\u00e9 le d\u00e9placement du Cameroun, \u00e0 la [&hellip;]<\/p>\n","protected":false},"author":1969,"featured_media":0,"comment_status":"closed","ping_status":"closed","sticky":false,"template":"","format":"standard","meta":{"fifu_image_url":"","fifu_image_alt":"","footnotes":""},"categories":[82,78],"tags":[],"class_list":["post-92260","post","type-post","status-publish","format-standard","hentry","category-cameroun","category-economie"],"_links":{"self":[{"href":"https:\/\/linitiative.ca\/International\/wp-json\/wp\/v2\/posts\/92260","targetHints":{"allow":["GET"]}}],"collection":[{"href":"https:\/\/linitiative.ca\/International\/wp-json\/wp\/v2\/posts"}],"about":[{"href":"https:\/\/linitiative.ca\/International\/wp-json\/wp\/v2\/types\/post"}],"author":[{"embeddable":true,"href":"https:\/\/linitiative.ca\/International\/wp-json\/wp\/v2\/users\/1969"}],"replies":[{"embeddable":true,"href":"https:\/\/linitiative.ca\/International\/wp-json\/wp\/v2\/comments?post=92260"}],"version-history":[{"count":0,"href":"https:\/\/linitiative.ca\/International\/wp-json\/wp\/v2\/posts\/92260\/revisions"}],"wp:attachment":[{"href":"https:\/\/linitiative.ca\/International\/wp-json\/wp\/v2\/media?parent=92260"}],"wp:term":[{"taxonomy":"category","embeddable":true,"href":"https:\/\/linitiative.ca\/International\/wp-json\/wp\/v2\/categories?post=92260"},{"taxonomy":"post_tag","embeddable":true,"href":"https:\/\/linitiative.ca\/International\/wp-json\/wp\/v2\/tags?post=92260"}],"curies":[{"name":"wp","href":"https:\/\/api.w.org\/{rel}","templated":true}]}}