{"id":92262,"date":"2020-07-13T13:16:50","date_gmt":"2020-07-13T17:16:50","guid":{"rendered":"https:\/\/linitiative.ca\/International\/douala-deux-adjoints-au-maire-en-conflit-de-competences\/"},"modified":"2020-07-13T13:16:50","modified_gmt":"2020-07-13T17:16:50","slug":"douala-deux-adjoints-au-maire-en-conflit-de-competences","status":"publish","type":"post","link":"https:\/\/linitiative.ca\/International\/douala-deux-adjoints-au-maire-en-conflit-de-competences\/","title":{"rendered":"Douala : deux adjoints au maire en conflit de comp\u00e9tences"},"content":{"rendered":"<p>Au terme de la concertation convoqu\u00e9e par le maire de douala, la hache de guerre semble avoir \u00e9t\u00e9 enterr\u00e9e. C\u2019est la main sur le c\u0153ur qu\u2019ils avouent avoir fum\u00e9 le calumet de la paix. Au menu de cette r\u00e9union de crise, la gestion et le contr\u00f4le des \u00e9quipements marchands de la capitale \u00e9conomique. Le march\u00e9 central situ\u00e9 dans l\u2019arrondissement de Douala 2, et celui de Bonamoussadi, \u00e0 Douala 5, deux march\u00e9s sources de conflit et d\u2019un profond malaise au sein de l\u2019ex\u00e9cutif municipal. La confrontation la plus retentissante est incontestablement celle d\u00e9roul\u00e9e le 1er juillet 2020 au march\u00e9 de Bonamoussadi. Sur instructions du Maire de Douala, le Dr. Roger Njitchoua va engager une op\u00e9ration de pose de scell\u00e9s sur un bureau clandestin bien identifi\u00e9 au sein dudit march\u00e9: \u00able Maire de la ville m\u2019a instruit d\u2019aller proc\u00e9der \u00e0 la fermeture d\u2019une officine parall\u00e8le de recouvrement des recettes au march\u00e9 de Bonamousadi, et en cela, je devais \u00eatre accompagn\u00e9 par le directeur de la police municipale\u00bb, informe le Dr. Roger Njitchoua.<\/p>\n<p>Mais avant d\u2019ex\u00e9cuter sa mission, le 2\u00e8me adjoint, en charge de coordonner les actions contre le d\u00e9sordre urbain dans la ville de Douala, t\u00e2che d\u2019informer sa co-ex\u00e9cutive, r\u00e9guli\u00e8rement en charge des \u00e9quipements marchands \u00e0 la mairie de Douala, d\u2019apr\u00e8s une r\u00e9partition savamment effectu\u00e9e par Roger Mbassa Ndine. Ainsi inform\u00e9e, la 4\u00e8me adjointe prend illico presto la direction du march\u00e9 de Bonamoussadi. D\u00e9cid\u00e9e r\u00e9solument \u00e0 jouer sa partition. A son arriv\u00e9e, le 2\u00e8me adjoint sera tout de suite frapp\u00e9 par un curieux comit\u00e9 d\u2019accueil : commer\u00e7ants mass\u00e9s, membres des syndicats de commer\u00e7ants sur le pied de guerre, au milieu d\u2019\u00e9tranges spectateurs de la sc\u00e8ne. Aid\u00e9 par des \u00e9l\u00e9ments de la police municipale, le Dr. Njitchoua r\u00e9ussira \u00e0 se frayer un passage entre la meute, jusqu\u2019au bureau du r\u00e9gisseur du march\u00e9 o\u00f9 l\u2019attendait \u00e9nerv\u00e9e, dans une salle attenante, Marie Louise Adzogo.<\/p>\n<p>Tr\u00e8s vite, la tension monte d\u2019un cran lorsqu\u2019au moment o\u00f9 le Dr. Roger Njitchoua d\u00e9cline le motif de sa mission au r\u00e9gisseur du march\u00e9, sa coex\u00e9cutive fera une intrusion surprise, indique une source sur place au moment des faits. S\u2019en suivent \u00e9clats de voix, injures, et m\u00eame des attaques corporelles Exfiltration Ameut\u00e9s par les bruits venant du bureau du r\u00e9gisseur du march\u00e9, la foule \u00e0 l\u2019ext\u00e9rieur s\u2019agite. Nous apprendrons par la suite l\u2019arriv\u00e9e sur les lieux de quelques affid\u00e9s de la 4\u00e8me adjointe. Qui revigor\u00e9e va tenir le Dr. Roger Njitchoua en respect. L\u2019engueulade prendra malheureusement d\u2019autres proportions. D\u2019apr\u00e8s des t\u00e9moins oculaires le Dr. Njitchoua sera fermement cravat\u00e9 par sa coll\u00e8gue: \u00abj\u2019ai pass\u00e9 ma main entre mon cou et mon n\u0153ud de cravate, pour ne pas me faire \u00e9trangler.\u00bb, confirme le 2\u00e8me adjoint.<\/p>\n<p>Joint au t\u00e9l\u00e9phone, la 4\u00e8me adjointe soutient avoir re\u00e7u un coup de poing violent du Dr. Roger Njitchoua: \u00abj\u2019ai des bleus. J\u2019ai d\u2019ailleurs fait \u00e9tablir un certificat m\u00e9dical suite \u00e0 cette agression\u00bb, indique-t-elle. D\u00e9pass\u00e9 par la rixe, le r\u00e9gisseur du march\u00e9 s\u2019est finalement r\u00e9solu, aid\u00e9 par la police municipale, \u00e0 s\u00e9parer les maires adjoints pugilistes. Le Dr. Roger Njitchoua sera finalement exfiltr\u00e9 du march\u00e9 de Bonamoussadi sans avoir scell\u00e9 le bureau parall\u00e8le de recouvrement des recettes. Du c\u00f4t\u00e9 de Marie Louise Adzogo, on semble \u00eatre revenu \u00e0 de sentiments meilleurs apr\u00e8s la r\u00e9union de crise de ce 6 juillet 2020.<\/p>\n<p><strong>Lire aussi<\/strong> : <a href=\"https:\/\/ecomatin.net\/mairie-de-douala-les-100-premiers-jours-de-mbassa-ndine-au-scanner\/\"><strong>Mairie de Douala\u00a0: les 100 premiers jours de Mbassa Ndine au scanner<\/strong><\/a><\/p>\n<div class=\"awac-wrapper awac widget posts-list-widget-11\">\n<h4 class=\"widget-title\">Le plus r\u00e9cent<\/h4>\n<\/div>\n<p>Auteur: Eco Matin<br \/>\n<a href=\"https:\/\/ecomatin.net\/douala-deux-adjoints-au-maire-en-conflit-de-competences\/\">Cliquez ici pour lire l&rsquo;article depuis sa source.<\/a><\/p>\n","protected":false},"excerpt":{"rendered":"<p>Au terme de la concertation convoqu\u00e9e par le maire de douala, la hache de guerre semble avoir \u00e9t\u00e9 enterr\u00e9e. C\u2019est la main sur le c\u0153ur qu\u2019ils avouent avoir fum\u00e9 le calumet de la paix. Au menu de cette r\u00e9union de crise, la gestion et le contr\u00f4le des \u00e9quipements marchands de la capitale \u00e9conomique. Le march\u00e9 [&hellip;]<\/p>\n","protected":false},"author":1969,"featured_media":0,"comment_status":"closed","ping_status":"closed","sticky":false,"template":"","format":"standard","meta":{"fifu_image_url":"","fifu_image_alt":"","footnotes":""},"categories":[82,78],"tags":[],"class_list":["post-92262","post","type-post","status-publish","format-standard","hentry","category-cameroun","category-economie"],"_links":{"self":[{"href":"https:\/\/linitiative.ca\/International\/wp-json\/wp\/v2\/posts\/92262","targetHints":{"allow":["GET"]}}],"collection":[{"href":"https:\/\/linitiative.ca\/International\/wp-json\/wp\/v2\/posts"}],"about":[{"href":"https:\/\/linitiative.ca\/International\/wp-json\/wp\/v2\/types\/post"}],"author":[{"embeddable":true,"href":"https:\/\/linitiative.ca\/International\/wp-json\/wp\/v2\/users\/1969"}],"replies":[{"embeddable":true,"href":"https:\/\/linitiative.ca\/International\/wp-json\/wp\/v2\/comments?post=92262"}],"version-history":[{"count":0,"href":"https:\/\/linitiative.ca\/International\/wp-json\/wp\/v2\/posts\/92262\/revisions"}],"wp:attachment":[{"href":"https:\/\/linitiative.ca\/International\/wp-json\/wp\/v2\/media?parent=92262"}],"wp:term":[{"taxonomy":"category","embeddable":true,"href":"https:\/\/linitiative.ca\/International\/wp-json\/wp\/v2\/categories?post=92262"},{"taxonomy":"post_tag","embeddable":true,"href":"https:\/\/linitiative.ca\/International\/wp-json\/wp\/v2\/tags?post=92262"}],"curies":[{"name":"wp","href":"https:\/\/api.w.org\/{rel}","templated":true}]}}