{"id":92263,"date":"2020-07-13T13:21:52","date_gmt":"2020-07-13T17:21:52","guid":{"rendered":"https:\/\/linitiative.ca\/International\/marche-central-de-douala-la-guerre-des-reseaux-fait-rage\/"},"modified":"2020-07-13T13:21:52","modified_gmt":"2020-07-13T17:21:52","slug":"marche-central-de-douala-la-guerre-des-reseaux-fait-rage","status":"publish","type":"post","link":"https:\/\/linitiative.ca\/International\/marche-central-de-douala-la-guerre-des-reseaux-fait-rage\/","title":{"rendered":"March\u00e9 central de Douala : la guerre des r\u00e9seaux fait rage"},"content":{"rendered":"<div class=\"featured-area featured-area-inner\"><img loading=\"lazy\" decoding=\"async\" width=\"780\" height=\"440\" src=\"https:\/\/ecomatin.net\/wp-content\/uploads\/2020\/07\/mmarche-mboppi-780x440-1.jpg\" class=\"attachment-full size-full wp-post-image\" alt=\"\" srcset=\"https:\/\/ecomatin.net\/wp-content\/uploads\/2020\/07\/mmarche-mboppi-780x440-1.jpg 780w, https:\/\/ecomatin.net\/wp-content\/uploads\/2020\/07\/mmarche-mboppi-780x440-1-300x169.jpg 300w, https:\/\/ecomatin.net\/wp-content\/uploads\/2020\/07\/mmarche-mboppi-780x440-1-768x433.jpg 768w, https:\/\/ecomatin.net\/wp-content\/uploads\/2020\/07\/mmarche-mboppi-780x440-1-390x220.jpg 390w, https:\/\/ecomatin.net\/wp-content\/uploads\/2020\/07\/mmarche-mboppi-780x440-1-600x338.jpg 600w\" sizes=\"auto, (max-width: 780px) 100vw, 780px\" data-attachment-id=\"17021\" data-permalink=\"https:\/\/ecomatin.net\/marche-central-de-douala-la-guerre-des-reseaux-fait-rage\/mmarche-mboppi-780x440\/\" data-orig-file=\"https:\/\/ecomatin.net\/wp-content\/uploads\/2020\/07\/mmarche-mboppi-780x440-1.jpg\" data-orig-size=\"780,440\" data-comments-opened=\"0\" data-image-meta=\"{&quot;aperture&quot;:&quot;0&quot;,&quot;credit&quot;:&quot;&quot;,&quot;camera&quot;:&quot;&quot;,&quot;caption&quot;:&quot;&quot;,&quot;created_timestamp&quot;:&quot;0&quot;,&quot;copyright&quot;:&quot;&quot;,&quot;focal_length&quot;:&quot;0&quot;,&quot;iso&quot;:&quot;0&quot;,&quot;shutter_speed&quot;:&quot;0&quot;,&quot;title&quot;:&quot;&quot;,&quot;orientation&quot;:&quot;0&quot;}\" data-image-title=\"mmarche-mboppi-780&#xD7;440\" data-image-description=\"\" data-medium-file=\"https:\/\/ecomatin.net\/wp-content\/uploads\/2020\/07\/mmarche-mboppi-780x440-1-300x169.jpg\" data-large-file=\"https:\/\/ecomatin.net\/wp-content\/uploads\/2020\/07\/mmarche-mboppi-780x440-1.jpg\"\/><\/div>\n<div class=\"entry-content entry clearfix\" readability=\"44.854211663067\">\n<p>Le march\u00e9 central reste incontestablement au centre de toutes les convoitises. C\u2019est d\u2019ailleurs dans cet \u00e9quipement marchand de l\u2019arrondissement de Douala 2\u00e8me que les premi\u00e8res scissions sont apparues entre les adjoints du Maire de Douala. Entre Adzogo et Roger Njitchoua pr\u00e9cis\u00e9ment. Il y\u2019a quelques semaines, Adzogo n\u2019a pas appr\u00e9ci\u00e9 la pr\u00e9sence du Dr. Roger Njitchoua dans cet espace marchand, alors mis en mission d\u2019assainissement, de contr\u00f4le et de v\u00e9rification par le Maire de Douala. Ceci apr\u00e8s un \u00e9chec essuy\u00e9 par la 4\u00e8me adjointe, mandat\u00e9e pr\u00e9alablement et conform\u00e9ment \u00e0 sa charge de coordination des espaces marchands, pour mettre sur pied une nouvelle coordination des activit\u00e9s au sein de l\u2019ancien march\u00e9 Lagos de Douala en remplacement de celle dirig\u00e9e par Bernard Yankam, adoub\u00e9 par le Dr. Fritz Ntone Ntone, l\u2019ancien d\u00e9l\u00e9gu\u00e9 du gouvernement aupr\u00e8s de la Communaut\u00e9 urbaine de Douala. \u00abLa mission s\u2019est sold\u00e9e par un \u00e9chec cuisant, \u00e0 cause de son intention d\u2019associer des individus, sans liens avec l\u2019activit\u00e9 commerciale, \u00e0 la gestion des affaires des commer\u00e7ants. Nous avons fermement rejet\u00e9 la parodie d\u2019\u00e9lection qu\u2019elle a organis\u00e9e pour positionner ses hommes\u00bb, fait remarquer Darios Lozenou, leader des commer\u00e7ants tr\u00e8s influents du march\u00e9 central de Douala.<\/p>\n<p>\u00a0D\u2019autres sources \u00e9voquent clairement l\u2019ambition nourrie par la 4\u00e8me adjointe de \u00abplacer ses hommes\u00bb. D\u2019o\u00f9 la reprise en main manifeste des attributions de Marie Louise Adzogo par Roger Njitchoua, sur ordre de Roger Mbassa Ndine. Comme au march\u00e9 de Bonamoussadi, le Dr. Roger Njitchoua avait pour mission de passer au peigne fin les chantiers engag\u00e9s par Bernard Yankam au march\u00e9 central de Douala. Dans une requ\u00eate adress\u00e9e le 10 juin 2020 avec en objet \u00abd\u00e9nonciation valant demande de r\u00e9traction\u00bb par Bernard Yankam au Maire de la ville, le prot\u00e9g\u00e9 du Dr. Fritz Ntone Ntone conteste des actes sign\u00e9s par Roger Mbassa Ndine.<\/p>\n<p>Actes ayant un impact direct sur la gestion des espaces marchands de Douala et jug\u00e9s \u00abill\u00e9gaux\u00bb par Bernard Yankam. Il s\u2019agit: De l\u2019arr\u00eat\u00e9 Municipal du 2 juin 2020 portant nomination des responsables dans les \u00e9quipements marchands du portefeuille de la ville, de l\u2019arr\u00eat\u00e9 municipal du 26 mars 2020 portant nomination des responsables au cabinet du maire de la ville, de la d\u00e9cision municipale du 24 mars 2020 portant d\u00e9signation du r\u00e9gisseur de la Caisse d\u2019Avances de la Cud, de la lettre du 1er avril 2020 ayant Pour objet \u00ab Lettre de mission adress\u00e9e \u00e0 monsieur Din Elame Richard.\u00bb Le processus d\u2019assainissement du march\u00e9 central de Douala reste aujourd\u2019hui bloqu\u00e9 du fait du conflit entre Roger Njitchoua et\u2026 Adzogo. L\u2019arbitrage en ressort du Maire de Douala est vivement attendu par les uns et les autres.<\/p>\n<p><strong>Lire aussi<\/strong> : <a href=\"https:\/\/ecomatin.net\/douala-roger-mbassa-ndine-clot-les-comptes-de-fritz-ntone-ntone\/\">Douala\u00a0: Roger Mbassa Ndine cl\u00f4t les comptes de Fritz Ntone Ntone<\/a><\/p>\n<div class=\"awac-wrapper awac widget posts-list-widget-11\">\n<h4 class=\"widget-title\">Le plus r\u00e9cent<\/h4>\n<\/div>\n<\/div>\n<p>Auteur: Eco Matin<br \/>\n<a href=\"https:\/\/ecomatin.net\/marche-central-de-douala-la-guerre-des-reseaux-fait-rage\/\">Cliquez ici pour lire l&rsquo;article depuis sa source.<\/a><\/p>\n","protected":false},"excerpt":{"rendered":"<p>Le march\u00e9 central reste incontestablement au centre de toutes les convoitises. C\u2019est d\u2019ailleurs dans cet \u00e9quipement marchand de l\u2019arrondissement de Douala 2\u00e8me que les premi\u00e8res scissions sont apparues entre les adjoints du Maire de Douala. Entre Adzogo et Roger Njitchoua pr\u00e9cis\u00e9ment. Il y\u2019a quelques semaines, Adzogo n\u2019a pas appr\u00e9ci\u00e9 la pr\u00e9sence du Dr. Roger Njitchoua [&hellip;]<\/p>\n","protected":false},"author":1969,"featured_media":92264,"comment_status":"closed","ping_status":"closed","sticky":false,"template":"","format":"standard","meta":{"fifu_image_url":"","fifu_image_alt":"","footnotes":""},"categories":[82,78],"tags":[],"class_list":["post-92263","post","type-post","status-publish","format-standard","has-post-thumbnail","hentry","category-cameroun","category-economie"],"_links":{"self":[{"href":"https:\/\/linitiative.ca\/International\/wp-json\/wp\/v2\/posts\/92263","targetHints":{"allow":["GET"]}}],"collection":[{"href":"https:\/\/linitiative.ca\/International\/wp-json\/wp\/v2\/posts"}],"about":[{"href":"https:\/\/linitiative.ca\/International\/wp-json\/wp\/v2\/types\/post"}],"author":[{"embeddable":true,"href":"https:\/\/linitiative.ca\/International\/wp-json\/wp\/v2\/users\/1969"}],"replies":[{"embeddable":true,"href":"https:\/\/linitiative.ca\/International\/wp-json\/wp\/v2\/comments?post=92263"}],"version-history":[{"count":0,"href":"https:\/\/linitiative.ca\/International\/wp-json\/wp\/v2\/posts\/92263\/revisions"}],"wp:featuredmedia":[{"embeddable":true,"href":"https:\/\/linitiative.ca\/International\/wp-json\/"}],"wp:attachment":[{"href":"https:\/\/linitiative.ca\/International\/wp-json\/wp\/v2\/media?parent=92263"}],"wp:term":[{"taxonomy":"category","embeddable":true,"href":"https:\/\/linitiative.ca\/International\/wp-json\/wp\/v2\/categories?post=92263"},{"taxonomy":"post_tag","embeddable":true,"href":"https:\/\/linitiative.ca\/International\/wp-json\/wp\/v2\/tags?post=92263"}],"curies":[{"name":"wp","href":"https:\/\/api.w.org\/{rel}","templated":true}]}}