{"id":92266,"date":"2020-07-14T08:47:31","date_gmt":"2020-07-14T12:47:31","guid":{"rendered":"https:\/\/linitiative.ca\/International\/casablanca-un-simple-malentendu-degenere-en-meurtre\/"},"modified":"2020-07-14T08:47:31","modified_gmt":"2020-07-14T12:47:31","slug":"casablanca-un-simple-malentendu-degenere-en-meurtre","status":"publish","type":"post","link":"https:\/\/linitiative.ca\/International\/casablanca-un-simple-malentendu-degenere-en-meurtre\/","title":{"rendered":"Casablanca : Un simple malentendu d\u00e9g\u00e9n\u00e8re en meurtre"},"content":{"rendered":"<header>\n<\/header>\n<div class=\"entry-content clearfix\" readability=\"50\"><img decoding=\"async\" class=\"post_layout_5_img\" src=\"http:\/\/aujourdhui.ma\/wp-content\/uploads\/2020\/07\/simple-malentendu-d\u00e9g\u00e9n\u00e8re-en-meurtre.jpg\" alt=\"Casablanca : Un simple malentendu d&#xE9;g&#xE9;n&#xE8;re en meurtre\"\/><\/p>\n<p><span class=\"c5\"><strong>Dimanche dernier, vers 16h, un jeune homme a \u00e9t\u00e9 mortellement poignard\u00e9 \u00e0 Derb Karloti relevant du quartier Derb Soltane, \u00e0 Casablanca.<\/strong><span id=\"more-350520\"\/><\/span><\/p>\n<p>Tout a commenc\u00e9 par un simple malentendu entre le jeune homme et un autre jeune demeurant \u00e0 Derb El Kebir qui ont \u00e9chang\u00e9 les injures puis les coups. L\u2019intervention des personnes de bonne foi a permis aux deux antagonistes de se calmer. C\u2019est du moins ce qui est apparu aux badauds qui se sont dispers\u00e9s apr\u00e8s la petite bagarre.<\/p>\n<p>Mais ce n\u2019\u00e9tait que partie remise. Le jeune homme qui demeure \u00e0 Derb El Kebir qui a disparu quelques minutes a rebrouss\u00e9 chemin \u00e0 Derb Karloti, \u00e9paul\u00e9 par six autres jeunes hommes, tous arm\u00e9s de couteaux, \u00e9p\u00e9es et b\u00e2tons. L\u2019un d\u2019eux a surpris la victime avec un coup d\u2019\u00e9p\u00e9e au niveau de la poitrine. Evacu\u00e9e vers l\u2019h\u00f4pital Moulay Hassan puis vers une clinique priv\u00e9e elle ne tardera pas \u00e0 rendre l\u2019\u00e2me. Les limiers de Derb Soltane El Fida se sont d\u00e9p\u00each\u00e9s sur les lieux pour diligenter une enqu\u00eate, identifier les auteurs de crime et les arr\u00eater.<\/p>\n<\/div>\n<p>Auteur: Abderrafii ALOUMLIKI<br \/>\n<a href=\"https:\/\/aujourdhui.ma\/faits-divers\/casablanca-un-simple-malentendu-degenere-en-meurtre\">Cliquez ici pour lire l&rsquo;article depuis sa source.<\/a><\/p>\n","protected":false},"excerpt":{"rendered":"<p>Dimanche dernier, vers 16h, un jeune homme a \u00e9t\u00e9 mortellement poignard\u00e9 \u00e0 Derb Karloti relevant du quartier Derb Soltane, \u00e0 Casablanca. Tout a commenc\u00e9 par un simple malentendu entre le jeune homme et un autre jeune demeurant \u00e0 Derb El Kebir qui ont \u00e9chang\u00e9 les injures puis les coups. L\u2019intervention des personnes de bonne foi [&hellip;]<\/p>\n","protected":false},"author":1759,"featured_media":92267,"comment_status":"closed","ping_status":"closed","sticky":false,"template":"","format":"standard","meta":{"fifu_image_url":"","fifu_image_alt":"","footnotes":""},"categories":[73,54],"tags":[],"class_list":["post-92266","post","type-post","status-publish","format-standard","has-post-thumbnail","hentry","category-actualite","category-maroc"],"_links":{"self":[{"href":"https:\/\/linitiative.ca\/International\/wp-json\/wp\/v2\/posts\/92266","targetHints":{"allow":["GET"]}}],"collection":[{"href":"https:\/\/linitiative.ca\/International\/wp-json\/wp\/v2\/posts"}],"about":[{"href":"https:\/\/linitiative.ca\/International\/wp-json\/wp\/v2\/types\/post"}],"author":[{"embeddable":true,"href":"https:\/\/linitiative.ca\/International\/wp-json\/wp\/v2\/users\/1759"}],"replies":[{"embeddable":true,"href":"https:\/\/linitiative.ca\/International\/wp-json\/wp\/v2\/comments?post=92266"}],"version-history":[{"count":0,"href":"https:\/\/linitiative.ca\/International\/wp-json\/wp\/v2\/posts\/92266\/revisions"}],"wp:featuredmedia":[{"embeddable":true,"href":"https:\/\/linitiative.ca\/International\/wp-json\/"}],"wp:attachment":[{"href":"https:\/\/linitiative.ca\/International\/wp-json\/wp\/v2\/media?parent=92266"}],"wp:term":[{"taxonomy":"category","embeddable":true,"href":"https:\/\/linitiative.ca\/International\/wp-json\/wp\/v2\/categories?post=92266"},{"taxonomy":"post_tag","embeddable":true,"href":"https:\/\/linitiative.ca\/International\/wp-json\/wp\/v2\/tags?post=92266"}],"curies":[{"name":"wp","href":"https:\/\/api.w.org\/{rel}","templated":true}]}}